{"id":39155,"date":"2018-08-28T09:54:47","date_gmt":"2018-08-28T12:54:47","guid":{"rendered":"https:\/\/eldiariodesanpedro.com.ar\/sitio\/?p=39155"},"modified":"2018-08-28T09:54:47","modified_gmt":"2018-08-28T12:54:47","slug":"baradero-robaron-una-moto-y-la-recuperaron-los-vecinos","status":"publish","type":"post","link":"https:\/\/eldiariodesanpedro.com.ar\/sitio\/baradero-robaron-una-moto-y-la-recuperaron-los-vecinos\/","title":{"rendered":"BARADERO: Robaron una moto y la recuperaron los vecinos"},"content":{"rendered":"<p><!-- VideographyWP Plugin Message: Automatic video embedding prevented by plugin options. --><br \/>\nA las 18 horas aproximadamente del pasado domingo una mujer domiciliada en Darragueira al 1800 denuncio en la dependencia policial que le habian llevado de su casa una moto Gilera Scooter.<\/p>\n<p>A las 20 horas del mismo d\u00eda, tras un llamado a la polic\u00eda vecinos informaron que tres hombres hab\u00edan reducido a otro, este hecho ocurri\u00f3 en calle Passo y Santos Vega.<\/p>\n<p>En su poder, ten\u00edan una moto de las mismas caracter\u00edsticas que la denunciada, tras el aviso a la due\u00f1a se logr\u00f3 reconocer el veh\u00edculo y recuperarlo.<\/p>\n","protected":false},"excerpt":{"rendered":"<p>A las 18 horas aproximadamente del pasado domingo una mujer domiciliada en Darragueira al 1800 denuncio en la dependencia policial que le habian llevado de su casa una moto Gilera Scooter. A las 20 horas del mismo d\u00eda, tras un llamado a la polic\u00eda vecinos informaron que tres hombres hab\u00edan reducido a otro, este hecho [&hellip;]<\/p>\n","protected":false},"author":4,"featured_media":39157,"comment_status":"open","ping_status":"closed","sticky":false,"template":"","format":"standard","meta":{"om_disable_all_campaigns":false,"_jetpack_memberships_contains_paid_content":false,"footnotes":""},"categories":[621],"tags":[],"class_list":["post-39155","post","type-post","status-publish","format-standard","has-post-thumbnail","hentry","category-regionales"],"aioseo_notices":[],"gutentor_comment":0,"jetpack_featured_media_url":"https:\/\/eldiariodesanpedro.com.ar\/sitio\/wp-content\/uploads\/2018\/08\/MOTO-ROBADA.jpeg","jetpack_shortlink":"https:\/\/wp.me\/p6RhLt-abx","jetpack_sharing_enabled":true,"_links":{"self":[{"href":"https:\/\/eldiariodesanpedro.com.ar\/sitio\/wp-json\/wp\/v2\/posts\/39155","targetHints":{"allow":["GET"]}}],"collection":[{"href":"https:\/\/eldiariodesanpedro.com.ar\/sitio\/wp-json\/wp\/v2\/posts"}],"about":[{"href":"https:\/\/eldiariodesanpedro.com.ar\/sitio\/wp-json\/wp\/v2\/types\/post"}],"author":[{"embeddable":true,"href":"https:\/\/eldiariodesanpedro.com.ar\/sitio\/wp-json\/wp\/v2\/users\/4"}],"replies":[{"embeddable":true,"href":"https:\/\/eldiariodesanpedro.com.ar\/sitio\/wp-json\/wp\/v2\/comments?post=39155"}],"version-history":[{"count":1,"href":"https:\/\/eldiariodesanpedro.com.ar\/sitio\/wp-json\/wp\/v2\/posts\/39155\/revisions"}],"predecessor-version":[{"id":39158,"href":"https:\/\/eldiariodesanpedro.com.ar\/sitio\/wp-json\/wp\/v2\/posts\/39155\/revisions\/39158"}],"wp:featuredmedia":[{"embeddable":true,"href":"https:\/\/eldiariodesanpedro.com.ar\/sitio\/wp-json\/wp\/v2\/media\/39157"}],"wp:attachment":[{"href":"https:\/\/eldiariodesanpedro.com.ar\/sitio\/wp-json\/wp\/v2\/media?parent=39155"}],"wp:term":[{"taxonomy":"category","embeddable":true,"href":"https:\/\/eldiariodesanpedro.com.ar\/sitio\/wp-json\/wp\/v2\/categories?post=39155"},{"taxonomy":"post_tag","embeddable":true,"href":"https:\/\/eldiariodesanpedro.com.ar\/sitio\/wp-json\/wp\/v2\/tags?post=39155"}],"curies":[{"name":"wp","href":"https:\/\/api.w.org\/{rel}","templated":true}]}}