{"id":39152,"date":"2018-08-28T09:34:32","date_gmt":"2018-08-28T12:34:32","guid":{"rendered":"https:\/\/eldiariodesanpedro.com.ar\/sitio\/?p=39152"},"modified":"2018-08-28T09:34:32","modified_gmt":"2018-08-28T12:34:32","slug":"un-efectivo-del-gad-fue-atropellado-por-un-motociclista-que-quiso-escapar-de-un-operativo","status":"publish","type":"post","link":"https:\/\/eldiariodesanpedro.com.ar\/sitio\/un-efectivo-del-gad-fue-atropellado-por-un-motociclista-que-quiso-escapar-de-un-operativo\/","title":{"rendered":"Un efectivo del GAD fue atropellado por un motociclista que quiso escapar de un Operativo"},"content":{"rendered":"<p><!-- VideographyWP Plugin Message: Automatic video embedding prevented by plugin options. --><br \/>\nEste lunes por la tarde, personal del GAD que se encontraba en calle 11 de Septiembre al 2800, en marco de operativo de saturaci\u00f3n como se viene realizando en nuestra ciudad, fue atropellado intencionalmente por un hombre que conduc\u00eda una motocicleta 110 cc tras querer escapar de los efectivos.<\/p>\n<p>El polic\u00eda del GAD herido, tiene 35 a\u00f1os de edad y como consecuencia sufri\u00f3, segun el medico de guardia del Hospital Subzonal,  trauma miembro superior e inferior, y fractura en me\u00f1ique de mano derecha.<\/p>\n<p>El agresor tras persecuci\u00f3n, fue aprehendido y secuestrado el rodado con el que circulaba, quien registra pedido de secuestro activo con fecha de alta del 28 de julio de 2018 por el delito de hurto a requerimiento de la UFI N\u00ba8 de Baradero.<\/p>\n<p>Interviene UFI N\u00b05 a cargo del Dr Manso; dispone para con el aprehendido, notificaci\u00f3n del Art.60 del CPP por el delito de \u00abatentado y resistencia a la autoridad-lesiones-encubrimiento y secuestro\u00bb, obtenci\u00f3n de fichas dactilosc\u00f3picas, dem\u00e1s recaudos legales, alojamiento en la Dependencia Local.<\/p>\n","protected":false},"excerpt":{"rendered":"<p>Este lunes por la tarde, personal del GAD que se encontraba en calle 11 de Septiembre al 2800, en marco de operativo de saturaci\u00f3n como se viene realizando en nuestra ciudad, fue atropellado intencionalmente por un hombre que conduc\u00eda una motocicleta 110 cc tras querer escapar de los efectivos. El polic\u00eda del GAD herido, tiene [&hellip;]<\/p>\n","protected":false},"author":4,"featured_media":23313,"comment_status":"open","ping_status":"closed","sticky":false,"template":"","format":"standard","meta":{"om_disable_all_campaigns":false,"_jetpack_memberships_contains_paid_content":false,"footnotes":""},"categories":[50,2,103],"tags":[],"class_list":["post-39152","post","type-post","status-publish","format-standard","has-post-thumbnail","hentry","category-destacadas","category-locales","category-policiales-locales"],"aioseo_notices":[],"gutentor_comment":0,"jetpack_featured_media_url":"https:\/\/eldiariodesanpedro.com.ar\/sitio\/wp-content\/uploads\/2017\/09\/patrulla-nocturna.jpg","jetpack_shortlink":"https:\/\/wp.me\/p6RhLt-abu","jetpack_sharing_enabled":true,"_links":{"self":[{"href":"https:\/\/eldiariodesanpedro.com.ar\/sitio\/wp-json\/wp\/v2\/posts\/39152","targetHints":{"allow":["GET"]}}],"collection":[{"href":"https:\/\/eldiariodesanpedro.com.ar\/sitio\/wp-json\/wp\/v2\/posts"}],"about":[{"href":"https:\/\/eldiariodesanpedro.com.ar\/sitio\/wp-json\/wp\/v2\/types\/post"}],"author":[{"embeddable":true,"href":"https:\/\/eldiariodesanpedro.com.ar\/sitio\/wp-json\/wp\/v2\/users\/4"}],"replies":[{"embeddable":true,"href":"https:\/\/eldiariodesanpedro.com.ar\/sitio\/wp-json\/wp\/v2\/comments?post=39152"}],"version-history":[{"count":1,"href":"https:\/\/eldiariodesanpedro.com.ar\/sitio\/wp-json\/wp\/v2\/posts\/39152\/revisions"}],"predecessor-version":[{"id":39153,"href":"https:\/\/eldiariodesanpedro.com.ar\/sitio\/wp-json\/wp\/v2\/posts\/39152\/revisions\/39153"}],"wp:featuredmedia":[{"embeddable":true,"href":"https:\/\/eldiariodesanpedro.com.ar\/sitio\/wp-json\/wp\/v2\/media\/23313"}],"wp:attachment":[{"href":"https:\/\/eldiariodesanpedro.com.ar\/sitio\/wp-json\/wp\/v2\/media?parent=39152"}],"wp:term":[{"taxonomy":"category","embeddable":true,"href":"https:\/\/eldiariodesanpedro.com.ar\/sitio\/wp-json\/wp\/v2\/categories?post=39152"},{"taxonomy":"post_tag","embeddable":true,"href":"https:\/\/eldiariodesanpedro.com.ar\/sitio\/wp-json\/wp\/v2\/tags?post=39152"}],"curies":[{"name":"wp","href":"https:\/\/api.w.org\/{rel}","templated":true}]}}