{"id":39150,"date":"2018-08-28T09:20:38","date_gmt":"2018-08-28T12:20:38","guid":{"rendered":"https:\/\/eldiariodesanpedro.com.ar\/sitio\/?p=39150"},"modified":"2018-08-28T09:20:38","modified_gmt":"2018-08-28T12:20:38","slug":"gpm-grupo-de-prevencion-motorizada-primeras-tareas-en-nuestra-ciudad","status":"publish","type":"post","link":"https:\/\/eldiariodesanpedro.com.ar\/sitio\/gpm-grupo-de-prevencion-motorizada-primeras-tareas-en-nuestra-ciudad\/","title":{"rendered":"GPM (Grupo de Prevenci\u00f3n Motorizada) primeras tareas en nuestra ciudad"},"content":{"rendered":"<p><!-- VideographyWP Plugin Message: Automatic video embedding prevented by plugin options. --><br \/>\nLuego de la llegada a nuestra ciudad del Grupo de Prevenci\u00f3n Motorizada de la Superintendencia de Seguridad Vial de la Prov, comenzaron sus tareas en distintos marcos de operativos desde la ma\u00f1ana del lunes, conformado por ocho motos y dos camionetas, visitando distintos barrios, distribuyendose en grupos y contando con el apoyo de la Polic\u00eda Bonaerense. Lograron aprehender a cinco personas por diferentes delitos.<\/p>\n<p>Seg\u00fan consta en el parte policial, los efectivos del GPM comenzaron con tareas de Operativo de Saturaci\u00f3n; el primero fue en calle Saavedra donde dos j\u00f3venes de 24 y 20 a\u00f1os de edad, fueron aprehendidos por poseer pedido de paradero activo solicitado por Tribunal. Criminal n\u00b0 1 San Nicol\u00e1s; sobre calle Gral Pueyrred\u00f3n y Fray del Pozo se aprehendi\u00f3 a un hombre de 39, tambi\u00e9n registrando pedido de paradero activo solicitado por Tribunal. 1ra instancia criminal n\u00b0 4 de Lomas de Zamora y en intersecci\u00f3n de calle Mitre y Tucuman, otro ciudadano de 39 registraba pedido de paradero activo solicitado por Tribunal. criminal N\u00b01 San Nicolas. Todos alojados en la Dependencia Local.<\/p>\n<p>Luego en  intersecci\u00f3n de calle Saavedra y Manuel Iglesias, se procedi\u00f3 a la aprehensi\u00f3n de un joven de 19 a\u00f1os, este quien portaba un arma blanca ( cuchilla), tambien  en calle Facundo Quiroga y Combate de Obligado, se identific\u00f3 a un ciudadano de 38 a\u00f1os secuestr\u00e1ndosele en su poder un bagullo con marihuana quien circulaba ademas  en motocicleta 125 cc de la marca Yamaha sin documentaci\u00f3n, secuestrada por Juzgado de Faltas local; en calle 11 de Setiembre y Bvard. Moreno, se aprehendi\u00f3 a otro ciudadano de 35, secuestrando misma sustancia que el anterior y en calle 11 de Setiembre y Fray Cayetano Rodriguez, otro ciudadano de 35 tambi\u00e9n secuestrandose lo mismo. En todos estos casos interviene UFI N\u00ba5 a cargo del Dr Manso.<\/p>\n<p>Se siguen los Operativos por tiempo indeterminado.<\/p>\n","protected":false},"excerpt":{"rendered":"<p>Luego de la llegada a nuestra ciudad del Grupo de Prevenci\u00f3n Motorizada de la Superintendencia de Seguridad Vial de la Prov, comenzaron sus tareas en distintos marcos de operativos desde la ma\u00f1ana del lunes, conformado por ocho motos y dos camionetas, visitando distintos barrios, distribuyendose en grupos y contando con el apoyo de la Polic\u00eda [&hellip;]<\/p>\n","protected":false},"author":4,"featured_media":39094,"comment_status":"open","ping_status":"closed","sticky":false,"template":"","format":"standard","meta":{"om_disable_all_campaigns":false,"_jetpack_memberships_contains_paid_content":false,"footnotes":""},"categories":[50,2,103],"tags":[],"class_list":["post-39150","post","type-post","status-publish","format-standard","has-post-thumbnail","hentry","category-destacadas","category-locales","category-policiales-locales"],"aioseo_notices":[],"gutentor_comment":0,"jetpack_featured_media_url":"https:\/\/eldiariodesanpedro.com.ar\/sitio\/wp-content\/uploads\/2018\/08\/WhatsApp-Image-2018-08-27-at-11.18.31.jpeg","jetpack_shortlink":"https:\/\/wp.me\/p6RhLt-abs","jetpack_sharing_enabled":true,"_links":{"self":[{"href":"https:\/\/eldiariodesanpedro.com.ar\/sitio\/wp-json\/wp\/v2\/posts\/39150","targetHints":{"allow":["GET"]}}],"collection":[{"href":"https:\/\/eldiariodesanpedro.com.ar\/sitio\/wp-json\/wp\/v2\/posts"}],"about":[{"href":"https:\/\/eldiariodesanpedro.com.ar\/sitio\/wp-json\/wp\/v2\/types\/post"}],"author":[{"embeddable":true,"href":"https:\/\/eldiariodesanpedro.com.ar\/sitio\/wp-json\/wp\/v2\/users\/4"}],"replies":[{"embeddable":true,"href":"https:\/\/eldiariodesanpedro.com.ar\/sitio\/wp-json\/wp\/v2\/comments?post=39150"}],"version-history":[{"count":1,"href":"https:\/\/eldiariodesanpedro.com.ar\/sitio\/wp-json\/wp\/v2\/posts\/39150\/revisions"}],"predecessor-version":[{"id":39151,"href":"https:\/\/eldiariodesanpedro.com.ar\/sitio\/wp-json\/wp\/v2\/posts\/39150\/revisions\/39151"}],"wp:featuredmedia":[{"embeddable":true,"href":"https:\/\/eldiariodesanpedro.com.ar\/sitio\/wp-json\/wp\/v2\/media\/39094"}],"wp:attachment":[{"href":"https:\/\/eldiariodesanpedro.com.ar\/sitio\/wp-json\/wp\/v2\/media?parent=39150"}],"wp:term":[{"taxonomy":"category","embeddable":true,"href":"https:\/\/eldiariodesanpedro.com.ar\/sitio\/wp-json\/wp\/v2\/categories?post=39150"},{"taxonomy":"post_tag","embeddable":true,"href":"https:\/\/eldiariodesanpedro.com.ar\/sitio\/wp-json\/wp\/v2\/tags?post=39150"}],"curies":[{"name":"wp","href":"https:\/\/api.w.org\/{rel}","templated":true}]}}