{"id":39135,"date":"2018-08-27T21:15:46","date_gmt":"2018-08-28T00:15:46","guid":{"rendered":"https:\/\/eldiariodesanpedro.com.ar\/sitio\/?p=39135"},"modified":"2026-01-24T00:11:09","modified_gmt":"2026-01-24T03:11:09","slug":"futbol-infantil-parcial-se-jugo-la-2da-fecha","status":"publish","type":"post","link":"https:\/\/eldiariodesanpedro.com.ar\/sitio\/futbol-infantil-parcial-se-jugo-la-2da-fecha\/","title":{"rendered":"F\u00daTBOL INFANTIL: Parcial se jug\u00f3 la 2da fecha"},"content":{"rendered":"<p><!-- VideographyWP Plugin Message: Automatic video embedding prevented by plugin options. --><br \/>\nSe jug\u00f3 la segunda fecha del baby f\u00fatbol. Se disput\u00f3 de manera parcial la segunda fecha del Torneo Clausura de la Liga Infantil, debido al fallecimiento de un jugador del club San Roque, tal lo adelant\u00f3 nuestro medio, la tira de partidos entre el \u201cSanto\u201d y Mitre fue postergada. <\/p>\n<p><strong>Resultados<\/strong><br \/>\n<img decoding=\"async\" data-attachment-id=\"39139\" data-permalink=\"https:\/\/eldiariodesanpedro.com.ar\/sitio\/futbol-infantil-parcial-se-jugo-la-2da-fecha\/info-28-08-18-resultados\/\" data-orig-file=\"https:\/\/eldiariodesanpedro.com.ar\/sitio\/wp-content\/uploads\/2018\/08\/info-28-08-18-resultados.png\" data-orig-size=\"558,450\" data-comments-opened=\"1\" data-image-meta=\"{&quot;aperture&quot;:&quot;0&quot;,&quot;credit&quot;:&quot;&quot;,&quot;camera&quot;:&quot;&quot;,&quot;caption&quot;:&quot;&quot;,&quot;created_timestamp&quot;:&quot;0&quot;,&quot;copyright&quot;:&quot;&quot;,&quot;focal_length&quot;:&quot;0&quot;,&quot;iso&quot;:&quot;0&quot;,&quot;shutter_speed&quot;:&quot;0&quot;,&quot;title&quot;:&quot;&quot;,&quot;orientation&quot;:&quot;0&quot;}\" data-image-title=\"info 28-08-18 resultados\" data-image-description=\"\" data-image-caption=\"\" data-large-file=\"https:\/\/eldiariodesanpedro.com.ar\/sitio\/wp-content\/uploads\/2018\/08\/info-28-08-18-resultados.png\" data-src=\"https:\/\/eldiariodesanpedro.com.ar\/sitio\/wp-content\/uploads\/2018\/08\/info-28-08-18-resultados.png\" alt=\"\" width=\"558\" height=\"450\" class=\"alignnone size-full wp-image-39139 lazyload\" data-srcset=\"https:\/\/eldiariodesanpedro.com.ar\/sitio\/wp-content\/uploads\/2018\/08\/info-28-08-18-resultados.png 558w, https:\/\/eldiariodesanpedro.com.ar\/sitio\/wp-content\/uploads\/2018\/08\/info-28-08-18-resultados-300x242.png 300w\" data-sizes=\"(max-width: 558px) 100vw, 558px\" src=\"data:image\/svg+xml;base64,PHN2ZyB3aWR0aD0iMSIgaGVpZ2h0PSIxIiB4bWxucz0iaHR0cDovL3d3dy53My5vcmcvMjAwMC9zdmciPjwvc3ZnPg==\" style=\"--smush-placeholder-width: 558px; --smush-placeholder-aspect-ratio: 558\/450;\" \/><\/p>\n<p><strong>Pr\u00f3xima fecha (3\u00b0)<\/strong><\/p>\n<p><em>Zona A<\/em><br \/>\nVilla Igoillo vs. Agricultores<br \/>\nCastro FC vs. El Porvenir<br \/>\nLibre: Def. Unidos<\/p>\n<p><em>Zona B<\/em><br \/>\nLos Andes vs. Gral. San Mart\u00edn<br \/>\nEl Tanque vs. Paran\u00e1 FC<br \/>\nLibre: Pescadores<\/p>\n<p><em>Zona C<\/em><br \/>\nRivadavia vs. Sportivo<br \/>\nAtl\u00e9tico vs. Costa Azul<br \/>\nFundici\u00f3n FC vs. Alsina<\/p>\n<p><em>Zona D<\/em><br \/>\nC. C\u00f3rdoba vs. Am\u00e9rica<br \/>\nIndependencia vs. San Roque FC<br \/>\nMitre vs. Independiente<\/p>\n","protected":false},"excerpt":{"rendered":"<p>Se jug\u00f3 la segunda fecha del baby f\u00fatbol. Se disput\u00f3 de manera parcial la segunda fecha del Torneo Clausura de la Liga Infantil, debido al fallecimiento de un jugador del club San Roque, tal lo adelant\u00f3 nuestro medio, la tira de partidos entre el \u201cSanto\u201d y Mitre fue postergada. Resultados Pr\u00f3xima fecha (3\u00b0) Zona A [&hellip;]<\/p>\n","protected":false},"author":4,"featured_media":39146,"comment_status":"open","ping_status":"closed","sticky":false,"template":"","format":"standard","meta":{"om_disable_all_campaigns":false,"_jetpack_memberships_contains_paid_content":false,"footnotes":""},"categories":[5],"tags":[],"class_list":["post-39135","post","type-post","status-publish","format-standard","has-post-thumbnail","hentry","category-deportes"],"aioseo_notices":[],"gutentor_comment":0,"jetpack_featured_media_url":"https:\/\/eldiariodesanpedro.com.ar\/sitio\/wp-content\/uploads\/2018\/08\/futbol-infantil-08-2018.jpg","jetpack_shortlink":"https:\/\/wp.me\/p6RhLt-abd","jetpack_sharing_enabled":true,"_links":{"self":[{"href":"https:\/\/eldiariodesanpedro.com.ar\/sitio\/wp-json\/wp\/v2\/posts\/39135","targetHints":{"allow":["GET"]}}],"collection":[{"href":"https:\/\/eldiariodesanpedro.com.ar\/sitio\/wp-json\/wp\/v2\/posts"}],"about":[{"href":"https:\/\/eldiariodesanpedro.com.ar\/sitio\/wp-json\/wp\/v2\/types\/post"}],"author":[{"embeddable":true,"href":"https:\/\/eldiariodesanpedro.com.ar\/sitio\/wp-json\/wp\/v2\/users\/4"}],"replies":[{"embeddable":true,"href":"https:\/\/eldiariodesanpedro.com.ar\/sitio\/wp-json\/wp\/v2\/comments?post=39135"}],"version-history":[{"count":1,"href":"https:\/\/eldiariodesanpedro.com.ar\/sitio\/wp-json\/wp\/v2\/posts\/39135\/revisions"}],"predecessor-version":[{"id":39147,"href":"https:\/\/eldiariodesanpedro.com.ar\/sitio\/wp-json\/wp\/v2\/posts\/39135\/revisions\/39147"}],"wp:featuredmedia":[{"embeddable":true,"href":"https:\/\/eldiariodesanpedro.com.ar\/sitio\/wp-json\/wp\/v2\/media\/39146"}],"wp:attachment":[{"href":"https:\/\/eldiariodesanpedro.com.ar\/sitio\/wp-json\/wp\/v2\/media?parent=39135"}],"wp:term":[{"taxonomy":"category","embeddable":true,"href":"https:\/\/eldiariodesanpedro.com.ar\/sitio\/wp-json\/wp\/v2\/categories?post=39135"},{"taxonomy":"post_tag","embeddable":true,"href":"https:\/\/eldiariodesanpedro.com.ar\/sitio\/wp-json\/wp\/v2\/tags?post=39135"}],"curies":[{"name":"wp","href":"https:\/\/api.w.org\/{rel}","templated":true}]}}