{"id":39127,"date":"2018-08-27T20:57:24","date_gmt":"2018-08-27T23:57:24","guid":{"rendered":"https:\/\/eldiariodesanpedro.com.ar\/sitio\/?p=39127"},"modified":"2018-08-27T20:57:24","modified_gmt":"2018-08-27T23:57:24","slug":"personal-del-ejercito-realizara-entrenamientos-en-el-aeroclub-san-pedro","status":"publish","type":"post","link":"https:\/\/eldiariodesanpedro.com.ar\/sitio\/personal-del-ejercito-realizara-entrenamientos-en-el-aeroclub-san-pedro\/","title":{"rendered":"Personal del Ej\u00e9rcito realizar\u00e1 entrenamientos en el Aeroclub San Pedro"},"content":{"rendered":"<p><!-- VideographyWP Plugin Message: Automatic video embedding prevented by plugin options. --><br \/>\nEl pr\u00f3ximo jueves el cuerpo a\u00e9reo efectuar\u00e1 ejercicios en nuestra ciudad.<\/p>\n<p>  Por primera vez, el Ej\u00e9rcito Argentino efectuar\u00e1 trabajos de entrenamiento en nuestra ciudad. Las actividades se desarrollar\u00e1n en el Aeroclub San Pedro el jueves venidero bajo las normas de seguridad y protocolo correspondiente a este tipo de movimientos.<\/p>\n<p>  Las tareas estar\u00e1n a cargo del cuerpo a\u00e9reo quien efectuar\u00e1 ejercicios diurnos y nocturnos aport\u00e1ndole a la escenograf\u00eda natural del lugar un colorido pocas veces vistas.<\/p>\n<p>  Esta es una actividad que el Ej\u00e9rcito efect\u00faa habitualmente y ya lo ha realizado en aer\u00f3dromos de distintas ciudades del pa\u00eds.<\/p>\n<p>  En nuestra ciudad las tareas estar\u00e1n a cargo de la brigada de paracaidismo y simular\u00e1n un asalto al aeroclub.<br \/>\n  Si bien esta es la primera vez que el Ej\u00e9rcito utiliza el aeroclub para este tipo de maniobras, hace unos meses el mismo lugar fue utilizado por el personal de Gendarmer\u00eda para realizar all\u00ed distintos entrenamientos.<\/p>\n<p>Fuente: San Pedro Informa<\/p>\n","protected":false},"excerpt":{"rendered":"<p>El pr\u00f3ximo jueves el cuerpo a\u00e9reo efectuar\u00e1 ejercicios en nuestra ciudad. Por primera vez, el Ej\u00e9rcito Argentino efectuar\u00e1 trabajos de entrenamiento en nuestra ciudad. Las actividades se desarrollar\u00e1n en el Aeroclub San Pedro el jueves venidero bajo las normas de seguridad y protocolo correspondiente a este tipo de movimientos. Las tareas estar\u00e1n a cargo del [&hellip;]<\/p>\n","protected":false},"author":4,"featured_media":39129,"comment_status":"open","ping_status":"closed","sticky":false,"template":"","format":"standard","meta":{"om_disable_all_campaigns":false,"_jetpack_memberships_contains_paid_content":false,"footnotes":""},"categories":[101,2],"tags":[],"class_list":["post-39127","post","type-post","status-publish","format-standard","has-post-thumbnail","hentry","category-interes-general-locales","category-locales"],"aioseo_notices":[],"gutentor_comment":0,"jetpack_featured_media_url":"https:\/\/eldiariodesanpedro.com.ar\/sitio\/wp-content\/uploads\/2018\/08\/Ejercicios-militares-en-el-Aeroclub.jpg","jetpack_shortlink":"https:\/\/wp.me\/p6RhLt-ab5","jetpack_sharing_enabled":true,"_links":{"self":[{"href":"https:\/\/eldiariodesanpedro.com.ar\/sitio\/wp-json\/wp\/v2\/posts\/39127","targetHints":{"allow":["GET"]}}],"collection":[{"href":"https:\/\/eldiariodesanpedro.com.ar\/sitio\/wp-json\/wp\/v2\/posts"}],"about":[{"href":"https:\/\/eldiariodesanpedro.com.ar\/sitio\/wp-json\/wp\/v2\/types\/post"}],"author":[{"embeddable":true,"href":"https:\/\/eldiariodesanpedro.com.ar\/sitio\/wp-json\/wp\/v2\/users\/4"}],"replies":[{"embeddable":true,"href":"https:\/\/eldiariodesanpedro.com.ar\/sitio\/wp-json\/wp\/v2\/comments?post=39127"}],"version-history":[{"count":1,"href":"https:\/\/eldiariodesanpedro.com.ar\/sitio\/wp-json\/wp\/v2\/posts\/39127\/revisions"}],"predecessor-version":[{"id":39130,"href":"https:\/\/eldiariodesanpedro.com.ar\/sitio\/wp-json\/wp\/v2\/posts\/39127\/revisions\/39130"}],"wp:featuredmedia":[{"embeddable":true,"href":"https:\/\/eldiariodesanpedro.com.ar\/sitio\/wp-json\/wp\/v2\/media\/39129"}],"wp:attachment":[{"href":"https:\/\/eldiariodesanpedro.com.ar\/sitio\/wp-json\/wp\/v2\/media?parent=39127"}],"wp:term":[{"taxonomy":"category","embeddable":true,"href":"https:\/\/eldiariodesanpedro.com.ar\/sitio\/wp-json\/wp\/v2\/categories?post=39127"},{"taxonomy":"post_tag","embeddable":true,"href":"https:\/\/eldiariodesanpedro.com.ar\/sitio\/wp-json\/wp\/v2\/tags?post=39127"}],"curies":[{"name":"wp","href":"https:\/\/api.w.org\/{rel}","templated":true}]}}