{"id":39123,"date":"2018-08-27T18:56:58","date_gmt":"2018-08-27T21:56:58","guid":{"rendered":"https:\/\/eldiariodesanpedro.com.ar\/sitio\/?p=39123"},"modified":"2018-08-27T18:56:58","modified_gmt":"2018-08-27T21:56:58","slug":"casi-200-propuestas-este-fin-de-semana-primer-black-friday-sampedrino","status":"publish","type":"post","link":"https:\/\/eldiariodesanpedro.com.ar\/sitio\/casi-200-propuestas-este-fin-de-semana-primer-black-friday-sampedrino\/","title":{"rendered":"CASI 200 PROPUESTAS: Este fin de semana Primer Black Friday Sampedrino"},"content":{"rendered":"<p><!-- VideographyWP Plugin Message: Automatic video embedding prevented by plugin options. --><br \/>\nDespu\u00e9s de varias semanas de intenso trabajo y de una convocatoria que lleg\u00f3 por diferentes v\u00edas a comerciantes, empresarios y prestadores de servicios, la iniciativa del Centro de Comercio Industria y Turismo de San Pedro junto a la Secretar\u00eda de Desarrollo Econ\u00f3mico desemboca en el fin de semana elegido para el primer Black Friday Sampedrino.<\/p>\n<p>La denominaci\u00f3n y el estilo de propuesta se relacionan con campa\u00f1as habituales de este tipo pero en San Pedro se ha generado acci\u00f3n m\u00e1s abarcativa que abarcar\u00e1 diferentes tipos de descuentos, promociones y servicios.<\/p>\n<p>Desde el viernes 31 y durante todo el fin de semana y en algunos casos durante todo el mes de Septiembre, la marca Black Friday Sampedrino ser\u00e1 la raz\u00f3n para compartir esta iniciativa con consumidores de San Pedro y de la regi\u00f3n.<\/p>\n<p>Para mayor informaci\u00f3n sobre los descuentos disponibles se puede ingresar en la web www.blackfridaysanpedro.com y adem\u00e1s durante los pr\u00f3ximos d\u00edas los comercios y empresas participantes colocar\u00e1n en sus vidrieras y en sus redes sociales los logos que los presentan como participantes.<\/p>\n<p>Para el Centro de Comercio y para la Secretar\u00eda de Desarrollo Econ\u00f3mico se trata de una acci\u00f3n compartida que seguramente se repetir\u00e1 en el futuro y que apunta a estimular el movimiento comercial en un momento en el que resulta sumamente necesario.<\/p>\n","protected":false},"excerpt":{"rendered":"<p>Despu\u00e9s de varias semanas de intenso trabajo y de una convocatoria que lleg\u00f3 por diferentes v\u00edas a comerciantes, empresarios y prestadores de servicios, la iniciativa del Centro de Comercio Industria y Turismo de San Pedro junto a la Secretar\u00eda de Desarrollo Econ\u00f3mico desemboca en el fin de semana elegido para el primer Black Friday Sampedrino. [&hellip;]<\/p>\n","protected":false},"author":4,"featured_media":39124,"comment_status":"open","ping_status":"closed","sticky":false,"template":"","format":"standard","meta":{"om_disable_all_campaigns":false,"_jetpack_memberships_contains_paid_content":false,"footnotes":""},"categories":[101,2],"tags":[],"class_list":["post-39123","post","type-post","status-publish","format-standard","has-post-thumbnail","hentry","category-interes-general-locales","category-locales"],"aioseo_notices":[],"gutentor_comment":0,"jetpack_featured_media_url":"https:\/\/eldiariodesanpedro.com.ar\/sitio\/wp-content\/uploads\/2018\/08\/rsz_black_friday_1.png","jetpack_shortlink":"https:\/\/wp.me\/p6RhLt-ab1","jetpack_sharing_enabled":true,"_links":{"self":[{"href":"https:\/\/eldiariodesanpedro.com.ar\/sitio\/wp-json\/wp\/v2\/posts\/39123","targetHints":{"allow":["GET"]}}],"collection":[{"href":"https:\/\/eldiariodesanpedro.com.ar\/sitio\/wp-json\/wp\/v2\/posts"}],"about":[{"href":"https:\/\/eldiariodesanpedro.com.ar\/sitio\/wp-json\/wp\/v2\/types\/post"}],"author":[{"embeddable":true,"href":"https:\/\/eldiariodesanpedro.com.ar\/sitio\/wp-json\/wp\/v2\/users\/4"}],"replies":[{"embeddable":true,"href":"https:\/\/eldiariodesanpedro.com.ar\/sitio\/wp-json\/wp\/v2\/comments?post=39123"}],"version-history":[{"count":1,"href":"https:\/\/eldiariodesanpedro.com.ar\/sitio\/wp-json\/wp\/v2\/posts\/39123\/revisions"}],"predecessor-version":[{"id":39125,"href":"https:\/\/eldiariodesanpedro.com.ar\/sitio\/wp-json\/wp\/v2\/posts\/39123\/revisions\/39125"}],"wp:featuredmedia":[{"embeddable":true,"href":"https:\/\/eldiariodesanpedro.com.ar\/sitio\/wp-json\/wp\/v2\/media\/39124"}],"wp:attachment":[{"href":"https:\/\/eldiariodesanpedro.com.ar\/sitio\/wp-json\/wp\/v2\/media?parent=39123"}],"wp:term":[{"taxonomy":"category","embeddable":true,"href":"https:\/\/eldiariodesanpedro.com.ar\/sitio\/wp-json\/wp\/v2\/categories?post=39123"},{"taxonomy":"post_tag","embeddable":true,"href":"https:\/\/eldiariodesanpedro.com.ar\/sitio\/wp-json\/wp\/v2\/tags?post=39123"}],"curies":[{"name":"wp","href":"https:\/\/api.w.org\/{rel}","templated":true}]}}