{"id":39117,"date":"2018-08-27T17:41:32","date_gmt":"2018-08-27T20:41:32","guid":{"rendered":"https:\/\/eldiariodesanpedro.com.ar\/sitio\/?p=39117"},"modified":"2018-08-27T17:41:32","modified_gmt":"2018-08-27T20:41:32","slug":"pedido-de-donantes-de-sangre-de-cualquier-grupo-y-factor","status":"publish","type":"post","link":"https:\/\/eldiariodesanpedro.com.ar\/sitio\/pedido-de-donantes-de-sangre-de-cualquier-grupo-y-factor\/","title":{"rendered":"Pedido de donantes de sangre de cualquier grupo y factor"},"content":{"rendered":"<p><!-- VideographyWP Plugin Message: Automatic video embedding prevented by plugin options. --><br \/>\nLa Secretar\u00eda de Salud informa que se necesitan donantes de sangre de cualquier grupo y factor para Claudio Mart\u00edn Melo Bultri, quien se desempe\u00f1a como enfermero del centro de atenci\u00f3n primaria del barrio Bajo Tala.<\/p>\n<p>Requisitos:<br \/>\nGozar de buena salud.<br \/>\nTener entre 18 y 65 a\u00f1os.<br \/>\nPeso m\u00ednimo 50 kg.<br \/>\nAyuno de 2 hs.<br \/>\nDebe transcurrir 2 meses entre donaci\u00f3n y donaci\u00f3n.<br \/>\nNo olvidar llevar DNI, pasaporte o c\u00e9dula.<br \/>\nPresentarse en el Hospital Italiano de La Plata,  en calle 66 y 16, en el Centro de Hemoterapia.<\/p>\n<p>Se ofrece traslado desde la Secretar\u00eda de Salud, por favor anotarse en Mitre 373.<\/p>\n","protected":false},"excerpt":{"rendered":"<p>La Secretar\u00eda de Salud informa que se necesitan donantes de sangre de cualquier grupo y factor para Claudio Mart\u00edn Melo Bultri, quien se desempe\u00f1a como enfermero del centro de atenci\u00f3n primaria del barrio Bajo Tala. Requisitos: Gozar de buena salud. Tener entre 18 y 65 a\u00f1os. Peso m\u00ednimo 50 kg. Ayuno de 2 hs. Debe [&hellip;]<\/p>\n","protected":false},"author":4,"featured_media":39118,"comment_status":"open","ping_status":"closed","sticky":false,"template":"","format":"standard","meta":{"om_disable_all_campaigns":false,"_jetpack_memberships_contains_paid_content":false,"footnotes":""},"categories":[101,2],"tags":[],"class_list":["post-39117","post","type-post","status-publish","format-standard","has-post-thumbnail","hentry","category-interes-general-locales","category-locales"],"aioseo_notices":[],"gutentor_comment":0,"jetpack_featured_media_url":"https:\/\/eldiariodesanpedro.com.ar\/sitio\/wp-content\/uploads\/2018\/08\/hospitales-madrilenos-donacion-AB-B_2005009487_4058066_960x540.jpg","jetpack_shortlink":"https:\/\/wp.me\/p6RhLt-aaV","jetpack_sharing_enabled":true,"_links":{"self":[{"href":"https:\/\/eldiariodesanpedro.com.ar\/sitio\/wp-json\/wp\/v2\/posts\/39117","targetHints":{"allow":["GET"]}}],"collection":[{"href":"https:\/\/eldiariodesanpedro.com.ar\/sitio\/wp-json\/wp\/v2\/posts"}],"about":[{"href":"https:\/\/eldiariodesanpedro.com.ar\/sitio\/wp-json\/wp\/v2\/types\/post"}],"author":[{"embeddable":true,"href":"https:\/\/eldiariodesanpedro.com.ar\/sitio\/wp-json\/wp\/v2\/users\/4"}],"replies":[{"embeddable":true,"href":"https:\/\/eldiariodesanpedro.com.ar\/sitio\/wp-json\/wp\/v2\/comments?post=39117"}],"version-history":[{"count":1,"href":"https:\/\/eldiariodesanpedro.com.ar\/sitio\/wp-json\/wp\/v2\/posts\/39117\/revisions"}],"predecessor-version":[{"id":39119,"href":"https:\/\/eldiariodesanpedro.com.ar\/sitio\/wp-json\/wp\/v2\/posts\/39117\/revisions\/39119"}],"wp:featuredmedia":[{"embeddable":true,"href":"https:\/\/eldiariodesanpedro.com.ar\/sitio\/wp-json\/wp\/v2\/media\/39118"}],"wp:attachment":[{"href":"https:\/\/eldiariodesanpedro.com.ar\/sitio\/wp-json\/wp\/v2\/media?parent=39117"}],"wp:term":[{"taxonomy":"category","embeddable":true,"href":"https:\/\/eldiariodesanpedro.com.ar\/sitio\/wp-json\/wp\/v2\/categories?post=39117"},{"taxonomy":"post_tag","embeddable":true,"href":"https:\/\/eldiariodesanpedro.com.ar\/sitio\/wp-json\/wp\/v2\/tags?post=39117"}],"curies":[{"name":"wp","href":"https:\/\/api.w.org\/{rel}","templated":true}]}}