{"id":39114,"date":"2018-08-27T17:28:44","date_gmt":"2018-08-27T20:28:44","guid":{"rendered":"https:\/\/eldiariodesanpedro.com.ar\/sitio\/?p=39114"},"modified":"2018-08-27T17:28:44","modified_gmt":"2018-08-27T20:28:44","slug":"inta-san-pedro-higiene-y-seguridad-en-el-trabajo-agrario","status":"publish","type":"post","link":"https:\/\/eldiariodesanpedro.com.ar\/sitio\/inta-san-pedro-higiene-y-seguridad-en-el-trabajo-agrario\/","title":{"rendered":"INTA SAN PEDRO: Higiene y seguridad en el trabajo agrario"},"content":{"rendered":"<p><!-- VideographyWP Plugin Message: Automatic video embedding prevented by plugin options. --><br \/>\nEl 6 de setiembre se concretar\u00e1 una nueva edici\u00f3n del curso que desde hace 16 a\u00f1os se realiza en el INTA San Pedro, destinado a brindar herramientas que ayuden a prevenir accidentes laborales a nivel rural. Con motivo de la puesta en pr\u00e1ctica obligatoria de las Buenas Pr\u00e1cticas Agr\u00edcolas en frutas y hortalizas, esta capacitaci\u00f3n adquiere relevancia por ser la \u00fanica que viene teniendo continuidad en el norte bonaerense donde muchas empresas frutihort\u00edcolas lo requieren para acreditar el cumplimiento de protocolos internacionales.<\/p>\n<p>El agro es el segundo sector laboral con m\u00e1s accidentes, luego del rubro de la construcci\u00f3n. Cada a\u00f1o se producen lesiones graves y muertes por accidentes que podr\u00edan evitarse. Confluyen en esta situaci\u00f3n: la falta de capacitaci\u00f3n adecuada, las deficientes condiciones de infraestructura, las m\u00e1quinas y herramientas en mal estado.<\/p>\n<p>Desde el a\u00f1o 2002, el INTA San Pedro destina una jornada con el foco puesto espec\u00edficamente en la sensibilizaci\u00f3n en torno a algunos peligros asociados al trabajo rural. Se trata de compartir herramientas para referentes de empresas, capataces y trabajadores rurales en la b\u00fasqueda de la reducci\u00f3n de los riesgos relacionados con el trabajo en el medio rural.<\/p>\n<p>Este a\u00f1o se concretar\u00e1 la 16\u00b0 edici\u00f3n, y el eje estar\u00e1 puesto en el uso responsable de agroqu\u00edmicos, la prevenci\u00f3n de incendios y en el uso de m\u00e1quinas y herramientas. La capacitaci\u00f3n est\u00e1 destinada a trabajadores, capataces, personal profesional, estudiantes de carreras afines e interesados en el tema. En cualquier caso, se requiere inscripci\u00f3n a fin de poder disponer los materiales que insume el curso, incluyendo el certificado que se entrega, en http:\/\/bit.ly\/16JornadaHyS.<\/p>\n<p>Detalles<br \/>\nJueves, 6 de septiembre &#8211; De 08:30 hasta 12:30<br \/>\nEEA San Pedro, Ruta 9, km 170. San Pedro, Buenos Aires<br \/>\nContacto: Ignacio Paunero &#8211; paunero.ignacio@inta.gob.ar &#8211; +54 9 11 6864-4316<br \/>\nCosto general (para material y caf\u00e9): $ 200 &#8211; Estudiantes: $ 100. Los certificados se env\u00edan por email Inscripci\u00f3n: http:\/\/bit.ly\/16JornadaHyS<\/p>\n<p>Programa:<br \/>\n8.30 hs: Inscripci\u00f3n y entrega de materiales<br \/>\n9 hs: Uso responsable de agroqu\u00edmicos. Ing.P.A. Ignacio E. Paunero (EEA San Pedro. INTA)<br \/>\n10.15hs: Prevenci\u00f3n de incendios. Lic. HyS Miguel Torres (Bomberos voluntarios de San Pedro).<br \/>\n11.15 hs: Prevenci\u00f3n en el uso de m\u00e1quinas y herramientas. Ing. Juan M. Nacar (Asesor privado-Docente del ISFT N\u00b0 192)<br \/>\n12 hs: Entrega de certificados y fin de la jornada. (Se env\u00edan por mail una vez corroborada la asistencia)<\/p>\n","protected":false},"excerpt":{"rendered":"<p>El 6 de setiembre se concretar\u00e1 una nueva edici\u00f3n del curso que desde hace 16 a\u00f1os se realiza en el INTA San Pedro, destinado a brindar herramientas que ayuden a prevenir accidentes laborales a nivel rural. Con motivo de la puesta en pr\u00e1ctica obligatoria de las Buenas Pr\u00e1cticas Agr\u00edcolas en frutas y hortalizas, esta capacitaci\u00f3n [&hellip;]<\/p>\n","protected":false},"author":4,"featured_media":39115,"comment_status":"open","ping_status":"closed","sticky":false,"template":"","format":"standard","meta":{"om_disable_all_campaigns":false,"_jetpack_memberships_contains_paid_content":false,"footnotes":""},"categories":[101,2],"tags":[],"class_list":["post-39114","post","type-post","status-publish","format-standard","has-post-thumbnail","hentry","category-interes-general-locales","category-locales"],"aioseo_notices":[],"gutentor_comment":0,"jetpack_featured_media_url":"https:\/\/eldiariodesanpedro.com.ar\/sitio\/wp-content\/uploads\/2018\/08\/39876098_1171303876358157_4925243142413746176_n.jpg","jetpack_shortlink":"https:\/\/wp.me\/p6RhLt-aaS","jetpack_sharing_enabled":true,"_links":{"self":[{"href":"https:\/\/eldiariodesanpedro.com.ar\/sitio\/wp-json\/wp\/v2\/posts\/39114","targetHints":{"allow":["GET"]}}],"collection":[{"href":"https:\/\/eldiariodesanpedro.com.ar\/sitio\/wp-json\/wp\/v2\/posts"}],"about":[{"href":"https:\/\/eldiariodesanpedro.com.ar\/sitio\/wp-json\/wp\/v2\/types\/post"}],"author":[{"embeddable":true,"href":"https:\/\/eldiariodesanpedro.com.ar\/sitio\/wp-json\/wp\/v2\/users\/4"}],"replies":[{"embeddable":true,"href":"https:\/\/eldiariodesanpedro.com.ar\/sitio\/wp-json\/wp\/v2\/comments?post=39114"}],"version-history":[{"count":1,"href":"https:\/\/eldiariodesanpedro.com.ar\/sitio\/wp-json\/wp\/v2\/posts\/39114\/revisions"}],"predecessor-version":[{"id":39116,"href":"https:\/\/eldiariodesanpedro.com.ar\/sitio\/wp-json\/wp\/v2\/posts\/39114\/revisions\/39116"}],"wp:featuredmedia":[{"embeddable":true,"href":"https:\/\/eldiariodesanpedro.com.ar\/sitio\/wp-json\/wp\/v2\/media\/39115"}],"wp:attachment":[{"href":"https:\/\/eldiariodesanpedro.com.ar\/sitio\/wp-json\/wp\/v2\/media?parent=39114"}],"wp:term":[{"taxonomy":"category","embeddable":true,"href":"https:\/\/eldiariodesanpedro.com.ar\/sitio\/wp-json\/wp\/v2\/categories?post=39114"},{"taxonomy":"post_tag","embeddable":true,"href":"https:\/\/eldiariodesanpedro.com.ar\/sitio\/wp-json\/wp\/v2\/tags?post=39114"}],"curies":[{"name":"wp","href":"https:\/\/api.w.org\/{rel}","templated":true}]}}