{"id":39079,"date":"2018-08-27T10:24:53","date_gmt":"2018-08-27T13:24:53","guid":{"rendered":"https:\/\/eldiariodesanpedro.com.ar\/sitio\/?p=39079"},"modified":"2018-08-27T10:26:06","modified_gmt":"2018-08-27T13:26:06","slug":"baradero-simulacro-de-accidente-coordinado-por-el-same-provincia","status":"publish","type":"post","link":"https:\/\/eldiariodesanpedro.com.ar\/sitio\/baradero-simulacro-de-accidente-coordinado-por-el-same-provincia\/","title":{"rendered":"BARADERO: Simulacro de accidente coordinado por el SAME Provincia."},"content":{"rendered":"<p><!-- VideographyWP Plugin Message: Automatic video embedding prevented by plugin options. --><br \/>\nEn el mediod\u00eda del s\u00e1bado se llev\u00f3 a cabo un simulacro de accidente en la zona de la rotonda donde participaron las distintas fuerzas y fue coordinado por SAME Provincia.<\/p>\n<p>El mismo se llev\u00f3 a cabo con la participaci\u00f3n conjunta de SAME 107 BARADERO, POLIC\u00cdA COMUNAL, PREFECTURA NAVAL BARADERO, BOMBEROS VOLUNTARIOS, LA DIRECCI\u00d3N GENERAL DE INSPECCI\u00d3N Y TR\u00c1NSITO Y<br \/>\nSAME PROVINCIA.<\/p>\n<p>El objetivo es mostrar como act\u00faan las distintas fuerzas y el servicio de emergencias ante un siniestro.<\/p>\n<p>Fuente: Baradero Te Informa<\/p>\n<p><img decoding=\"async\" data-attachment-id=\"39082\" data-permalink=\"https:\/\/eldiariodesanpedro.com.ar\/sitio\/baradero-simulacro-de-accidente-coordinado-por-el-same-provincia\/40092781_2073446429463534_7751117729515438080_n\/\" data-orig-file=\"https:\/\/eldiariodesanpedro.com.ar\/sitio\/wp-content\/uploads\/2018\/08\/40092781_2073446429463534_7751117729515438080_n.jpg\" data-orig-size=\"960,741\" data-comments-opened=\"1\" data-image-meta=\"{&quot;aperture&quot;:&quot;0&quot;,&quot;credit&quot;:&quot;&quot;,&quot;camera&quot;:&quot;&quot;,&quot;caption&quot;:&quot;&quot;,&quot;created_timestamp&quot;:&quot;0&quot;,&quot;copyright&quot;:&quot;&quot;,&quot;focal_length&quot;:&quot;0&quot;,&quot;iso&quot;:&quot;0&quot;,&quot;shutter_speed&quot;:&quot;0&quot;,&quot;title&quot;:&quot;&quot;,&quot;orientation&quot;:&quot;0&quot;}\" data-image-title=\"40092781_2073446429463534_7751117729515438080_n\" data-image-description=\"\" data-image-caption=\"\" data-large-file=\"https:\/\/eldiariodesanpedro.com.ar\/sitio\/wp-content\/uploads\/2018\/08\/40092781_2073446429463534_7751117729515438080_n.jpg\" data-src=\"https:\/\/eldiariodesanpedro.com.ar\/sitio\/wp-content\/uploads\/2018\/08\/40092781_2073446429463534_7751117729515438080_n.jpg\" alt=\"\" width=\"660\" height=\"509\" class=\"alignnone size-large wp-image-39082 lazyload\" data-srcset=\"https:\/\/eldiariodesanpedro.com.ar\/sitio\/wp-content\/uploads\/2018\/08\/40092781_2073446429463534_7751117729515438080_n.jpg 960w, https:\/\/eldiariodesanpedro.com.ar\/sitio\/wp-content\/uploads\/2018\/08\/40092781_2073446429463534_7751117729515438080_n-300x232.jpg 300w, https:\/\/eldiariodesanpedro.com.ar\/sitio\/wp-content\/uploads\/2018\/08\/40092781_2073446429463534_7751117729515438080_n-768x593.jpg 768w\" data-sizes=\"(max-width: 660px) 100vw, 660px\" src=\"data:image\/svg+xml;base64,PHN2ZyB3aWR0aD0iMSIgaGVpZ2h0PSIxIiB4bWxucz0iaHR0cDovL3d3dy53My5vcmcvMjAwMC9zdmciPjwvc3ZnPg==\" style=\"--smush-placeholder-width: 660px; --smush-placeholder-aspect-ratio: 660\/509;\" \/><\/p>\n<p><img decoding=\"async\" data-attachment-id=\"39081\" data-permalink=\"https:\/\/eldiariodesanpedro.com.ar\/sitio\/baradero-simulacro-de-accidente-coordinado-por-el-same-provincia\/39973360_2073456476129196_7547926748046819328_n\/\" data-orig-file=\"https:\/\/eldiariodesanpedro.com.ar\/sitio\/wp-content\/uploads\/2018\/08\/39973360_2073456476129196_7547926748046819328_n.jpg\" data-orig-size=\"960,720\" data-comments-opened=\"1\" data-image-meta=\"{&quot;aperture&quot;:&quot;0&quot;,&quot;credit&quot;:&quot;&quot;,&quot;camera&quot;:&quot;&quot;,&quot;caption&quot;:&quot;&quot;,&quot;created_timestamp&quot;:&quot;0&quot;,&quot;copyright&quot;:&quot;&quot;,&quot;focal_length&quot;:&quot;0&quot;,&quot;iso&quot;:&quot;0&quot;,&quot;shutter_speed&quot;:&quot;0&quot;,&quot;title&quot;:&quot;&quot;,&quot;orientation&quot;:&quot;0&quot;}\" data-image-title=\"39973360_2073456476129196_7547926748046819328_n\" data-image-description=\"\" data-image-caption=\"\" data-large-file=\"https:\/\/eldiariodesanpedro.com.ar\/sitio\/wp-content\/uploads\/2018\/08\/39973360_2073456476129196_7547926748046819328_n.jpg\" data-src=\"https:\/\/eldiariodesanpedro.com.ar\/sitio\/wp-content\/uploads\/2018\/08\/39973360_2073456476129196_7547926748046819328_n.jpg\" alt=\"\" width=\"960\" height=\"720\" class=\"alignnone size-full wp-image-39081 lazyload\" data-srcset=\"https:\/\/eldiariodesanpedro.com.ar\/sitio\/wp-content\/uploads\/2018\/08\/39973360_2073456476129196_7547926748046819328_n.jpg 960w, https:\/\/eldiariodesanpedro.com.ar\/sitio\/wp-content\/uploads\/2018\/08\/39973360_2073456476129196_7547926748046819328_n-300x225.jpg 300w, https:\/\/eldiariodesanpedro.com.ar\/sitio\/wp-content\/uploads\/2018\/08\/39973360_2073456476129196_7547926748046819328_n-768x576.jpg 768w\" data-sizes=\"(max-width: 960px) 100vw, 960px\" src=\"data:image\/svg+xml;base64,PHN2ZyB3aWR0aD0iMSIgaGVpZ2h0PSIxIiB4bWxucz0iaHR0cDovL3d3dy53My5vcmcvMjAwMC9zdmciPjwvc3ZnPg==\" style=\"--smush-placeholder-width: 960px; --smush-placeholder-aspect-ratio: 960\/720;\" \/><\/p>\n<p><img decoding=\"async\" data-attachment-id=\"39080\" data-permalink=\"https:\/\/eldiariodesanpedro.com.ar\/sitio\/baradero-simulacro-de-accidente-coordinado-por-el-same-provincia\/39984895_2073507976124046_8890491429801951232_n\/\" data-orig-file=\"https:\/\/eldiariodesanpedro.com.ar\/sitio\/wp-content\/uploads\/2018\/08\/39984895_2073507976124046_8890491429801951232_n.jpg\" data-orig-size=\"540,304\" data-comments-opened=\"1\" data-image-meta=\"{&quot;aperture&quot;:&quot;0&quot;,&quot;credit&quot;:&quot;Picasa&quot;,&quot;camera&quot;:&quot;&quot;,&quot;caption&quot;:&quot;&quot;,&quot;created_timestamp&quot;:&quot;1535376157&quot;,&quot;copyright&quot;:&quot;&quot;,&quot;focal_length&quot;:&quot;0&quot;,&quot;iso&quot;:&quot;0&quot;,&quot;shutter_speed&quot;:&quot;0&quot;,&quot;title&quot;:&quot;&quot;,&quot;orientation&quot;:&quot;0&quot;}\" data-image-title=\"39984895_2073507976124046_8890491429801951232_n\" data-image-description=\"\" data-image-caption=\"\" data-large-file=\"https:\/\/eldiariodesanpedro.com.ar\/sitio\/wp-content\/uploads\/2018\/08\/39984895_2073507976124046_8890491429801951232_n.jpg\" data-src=\"https:\/\/eldiariodesanpedro.com.ar\/sitio\/wp-content\/uploads\/2018\/08\/39984895_2073507976124046_8890491429801951232_n.jpg\" alt=\"\" width=\"540\" height=\"304\" class=\"alignnone size-full wp-image-39080 lazyload\" data-srcset=\"https:\/\/eldiariodesanpedro.com.ar\/sitio\/wp-content\/uploads\/2018\/08\/39984895_2073507976124046_8890491429801951232_n.jpg 540w, https:\/\/eldiariodesanpedro.com.ar\/sitio\/wp-content\/uploads\/2018\/08\/39984895_2073507976124046_8890491429801951232_n-300x169.jpg 300w\" data-sizes=\"(max-width: 540px) 100vw, 540px\" src=\"data:image\/svg+xml;base64,PHN2ZyB3aWR0aD0iMSIgaGVpZ2h0PSIxIiB4bWxucz0iaHR0cDovL3d3dy53My5vcmcvMjAwMC9zdmciPjwvc3ZnPg==\" style=\"--smush-placeholder-width: 540px; --smush-placeholder-aspect-ratio: 540\/304;\" \/><\/p>\n","protected":false},"excerpt":{"rendered":"<p>En el mediod\u00eda del s\u00e1bado se llev\u00f3 a cabo un simulacro de accidente en la zona de la rotonda donde participaron las distintas fuerzas y fue coordinado por SAME Provincia. El mismo se llev\u00f3 a cabo con la participaci\u00f3n conjunta de SAME 107 BARADERO, POLIC\u00cdA COMUNAL, PREFECTURA NAVAL BARADERO, BOMBEROS VOLUNTARIOS, LA DIRECCI\u00d3N GENERAL DE [&hellip;]<\/p>\n","protected":false},"author":4,"featured_media":39080,"comment_status":"open","ping_status":"closed","sticky":false,"template":"","format":"standard","meta":{"om_disable_all_campaigns":false,"_jetpack_memberships_contains_paid_content":false,"footnotes":""},"categories":[621],"tags":[],"class_list":["post-39079","post","type-post","status-publish","format-standard","has-post-thumbnail","hentry","category-regionales"],"aioseo_notices":[],"gutentor_comment":0,"jetpack_featured_media_url":"https:\/\/eldiariodesanpedro.com.ar\/sitio\/wp-content\/uploads\/2018\/08\/39984895_2073507976124046_8890491429801951232_n.jpg","jetpack_shortlink":"https:\/\/wp.me\/p6RhLt-aaj","jetpack_sharing_enabled":true,"_links":{"self":[{"href":"https:\/\/eldiariodesanpedro.com.ar\/sitio\/wp-json\/wp\/v2\/posts\/39079","targetHints":{"allow":["GET"]}}],"collection":[{"href":"https:\/\/eldiariodesanpedro.com.ar\/sitio\/wp-json\/wp\/v2\/posts"}],"about":[{"href":"https:\/\/eldiariodesanpedro.com.ar\/sitio\/wp-json\/wp\/v2\/types\/post"}],"author":[{"embeddable":true,"href":"https:\/\/eldiariodesanpedro.com.ar\/sitio\/wp-json\/wp\/v2\/users\/4"}],"replies":[{"embeddable":true,"href":"https:\/\/eldiariodesanpedro.com.ar\/sitio\/wp-json\/wp\/v2\/comments?post=39079"}],"version-history":[{"count":2,"href":"https:\/\/eldiariodesanpedro.com.ar\/sitio\/wp-json\/wp\/v2\/posts\/39079\/revisions"}],"predecessor-version":[{"id":39084,"href":"https:\/\/eldiariodesanpedro.com.ar\/sitio\/wp-json\/wp\/v2\/posts\/39079\/revisions\/39084"}],"wp:featuredmedia":[{"embeddable":true,"href":"https:\/\/eldiariodesanpedro.com.ar\/sitio\/wp-json\/wp\/v2\/media\/39080"}],"wp:attachment":[{"href":"https:\/\/eldiariodesanpedro.com.ar\/sitio\/wp-json\/wp\/v2\/media?parent=39079"}],"wp:term":[{"taxonomy":"category","embeddable":true,"href":"https:\/\/eldiariodesanpedro.com.ar\/sitio\/wp-json\/wp\/v2\/categories?post=39079"},{"taxonomy":"post_tag","embeddable":true,"href":"https:\/\/eldiariodesanpedro.com.ar\/sitio\/wp-json\/wp\/v2\/tags?post=39079"}],"curies":[{"name":"wp","href":"https:\/\/api.w.org\/{rel}","templated":true}]}}