{"id":39076,"date":"2018-08-27T10:18:11","date_gmt":"2018-08-27T13:18:11","guid":{"rendered":"https:\/\/eldiariodesanpedro.com.ar\/sitio\/?p=39076"},"modified":"2018-08-27T10:18:11","modified_gmt":"2018-08-27T13:18:11","slug":"zarate-murio-el-joven-herido-durante-una-fiesta","status":"publish","type":"post","link":"https:\/\/eldiariodesanpedro.com.ar\/sitio\/zarate-murio-el-joven-herido-durante-una-fiesta\/","title":{"rendered":"Z\u00c1RATE: Muri\u00f3 el joven herido durante una fiesta"},"content":{"rendered":"<p><!-- VideographyWP Plugin Message: Automatic video embedding prevented by plugin options. --><br \/>\nUn chico de 20 a\u00f1os de edad que participaba de una fiesta en Covepam VI de Z\u00e1rate fue herido de gravedad por otra persona que tambi\u00e9n habr\u00eda participado del encuentro.<\/p>\n<p>La polic\u00eda determin\u00f3 horas mas tarde, ya que el hecho sucedi\u00f3 durante la madrugada, que el atacante fue un menor de edad ya identificado por los investigadores.<\/p>\n<p>A la v\u00edctima, identificada como Brian Fern\u00e1ndez, la atacaron por la espalda con un arma blanca y se encontraba delicado en el Hospital Virgen del Carmen. Fuentes policiales confirmaron a este medio que acaba de fallecer hace instantes.<\/p>\n<p>Interviene la UFI N\u00b0 7 a cargo del Dr. Guti\u00e9rres y la Fiscal\u00eda de Menores a cargo del Dr. Ancurio.<\/p>\n","protected":false},"excerpt":{"rendered":"<p>Un chico de 20 a\u00f1os de edad que participaba de una fiesta en Covepam VI de Z\u00e1rate fue herido de gravedad por otra persona que tambi\u00e9n habr\u00eda participado del encuentro. La polic\u00eda determin\u00f3 horas mas tarde, ya que el hecho sucedi\u00f3 durante la madrugada, que el atacante fue un menor de edad ya identificado por [&hellip;]<\/p>\n","protected":false},"author":4,"featured_media":39077,"comment_status":"open","ping_status":"closed","sticky":false,"template":"","format":"standard","meta":{"om_disable_all_campaigns":false,"_jetpack_memberships_contains_paid_content":false,"footnotes":""},"categories":[621],"tags":[],"class_list":["post-39076","post","type-post","status-publish","format-standard","has-post-thumbnail","hentry","category-regionales"],"aioseo_notices":[],"gutentor_comment":0,"jetpack_featured_media_url":"https:\/\/eldiariodesanpedro.com.ar\/sitio\/wp-content\/uploads\/2018\/08\/Policia-Cient\u00edfica_658x400.jpg","jetpack_shortlink":"https:\/\/wp.me\/p6RhLt-aag","jetpack_sharing_enabled":true,"_links":{"self":[{"href":"https:\/\/eldiariodesanpedro.com.ar\/sitio\/wp-json\/wp\/v2\/posts\/39076","targetHints":{"allow":["GET"]}}],"collection":[{"href":"https:\/\/eldiariodesanpedro.com.ar\/sitio\/wp-json\/wp\/v2\/posts"}],"about":[{"href":"https:\/\/eldiariodesanpedro.com.ar\/sitio\/wp-json\/wp\/v2\/types\/post"}],"author":[{"embeddable":true,"href":"https:\/\/eldiariodesanpedro.com.ar\/sitio\/wp-json\/wp\/v2\/users\/4"}],"replies":[{"embeddable":true,"href":"https:\/\/eldiariodesanpedro.com.ar\/sitio\/wp-json\/wp\/v2\/comments?post=39076"}],"version-history":[{"count":1,"href":"https:\/\/eldiariodesanpedro.com.ar\/sitio\/wp-json\/wp\/v2\/posts\/39076\/revisions"}],"predecessor-version":[{"id":39078,"href":"https:\/\/eldiariodesanpedro.com.ar\/sitio\/wp-json\/wp\/v2\/posts\/39076\/revisions\/39078"}],"wp:featuredmedia":[{"embeddable":true,"href":"https:\/\/eldiariodesanpedro.com.ar\/sitio\/wp-json\/wp\/v2\/media\/39077"}],"wp:attachment":[{"href":"https:\/\/eldiariodesanpedro.com.ar\/sitio\/wp-json\/wp\/v2\/media?parent=39076"}],"wp:term":[{"taxonomy":"category","embeddable":true,"href":"https:\/\/eldiariodesanpedro.com.ar\/sitio\/wp-json\/wp\/v2\/categories?post=39076"},{"taxonomy":"post_tag","embeddable":true,"href":"https:\/\/eldiariodesanpedro.com.ar\/sitio\/wp-json\/wp\/v2\/tags?post=39076"}],"curies":[{"name":"wp","href":"https:\/\/api.w.org\/{rel}","templated":true}]}}