{"id":39071,"date":"2018-08-27T09:06:52","date_gmt":"2018-08-27T12:06:52","guid":{"rendered":"https:\/\/eldiariodesanpedro.com.ar\/sitio\/?p=39071"},"modified":"2018-08-27T09:06:52","modified_gmt":"2018-08-27T12:06:52","slug":"se-recupero-una-moto-con-pedido-de-secuestro-activo-2","status":"publish","type":"post","link":"https:\/\/eldiariodesanpedro.com.ar\/sitio\/se-recupero-una-moto-con-pedido-de-secuestro-activo-2\/","title":{"rendered":"Se recupero una moto con pedido de secuestro activo"},"content":{"rendered":"<p><!-- VideographyWP Plugin Message: Automatic video embedding prevented by plugin options. --><br \/>\nPersonal policial en marco de Operativo Vehicular, sobre calle M\u00e1ximo Millan y JV. Gonzalez, se intercepto una moto marca Zannela 110 cc, conducida por un joven de 16 a\u00f1os de edad, la cual se estableci\u00f3 que  posee pedido de secuestro activo por el delito de hurto del a\u00f1o 2017. <\/p>\n<p>Toma intervenci\u00f3n la UFI del joven quien dispuso notificaci\u00f3n de  actuaciones al menor y entrega a progenitores.  <\/p>\n","protected":false},"excerpt":{"rendered":"<p>Personal policial en marco de Operativo Vehicular, sobre calle M\u00e1ximo Millan y JV. Gonzalez, se intercepto una moto marca Zannela 110 cc, conducida por un joven de 16 a\u00f1os de edad, la cual se estableci\u00f3 que posee pedido de secuestro activo por el delito de hurto del a\u00f1o 2017. Toma intervenci\u00f3n la UFI del joven [&hellip;]<\/p>\n","protected":false},"author":4,"featured_media":23313,"comment_status":"open","ping_status":"closed","sticky":false,"template":"","format":"standard","meta":{"om_disable_all_campaigns":false,"_jetpack_memberships_contains_paid_content":false,"footnotes":""},"categories":[2,103],"tags":[],"class_list":["post-39071","post","type-post","status-publish","format-standard","has-post-thumbnail","hentry","category-locales","category-policiales-locales"],"aioseo_notices":[],"gutentor_comment":0,"jetpack_featured_media_url":"https:\/\/eldiariodesanpedro.com.ar\/sitio\/wp-content\/uploads\/2017\/09\/patrulla-nocturna.jpg","jetpack_shortlink":"https:\/\/wp.me\/p6RhLt-aab","jetpack_sharing_enabled":true,"_links":{"self":[{"href":"https:\/\/eldiariodesanpedro.com.ar\/sitio\/wp-json\/wp\/v2\/posts\/39071","targetHints":{"allow":["GET"]}}],"collection":[{"href":"https:\/\/eldiariodesanpedro.com.ar\/sitio\/wp-json\/wp\/v2\/posts"}],"about":[{"href":"https:\/\/eldiariodesanpedro.com.ar\/sitio\/wp-json\/wp\/v2\/types\/post"}],"author":[{"embeddable":true,"href":"https:\/\/eldiariodesanpedro.com.ar\/sitio\/wp-json\/wp\/v2\/users\/4"}],"replies":[{"embeddable":true,"href":"https:\/\/eldiariodesanpedro.com.ar\/sitio\/wp-json\/wp\/v2\/comments?post=39071"}],"version-history":[{"count":1,"href":"https:\/\/eldiariodesanpedro.com.ar\/sitio\/wp-json\/wp\/v2\/posts\/39071\/revisions"}],"predecessor-version":[{"id":39072,"href":"https:\/\/eldiariodesanpedro.com.ar\/sitio\/wp-json\/wp\/v2\/posts\/39071\/revisions\/39072"}],"wp:featuredmedia":[{"embeddable":true,"href":"https:\/\/eldiariodesanpedro.com.ar\/sitio\/wp-json\/wp\/v2\/media\/23313"}],"wp:attachment":[{"href":"https:\/\/eldiariodesanpedro.com.ar\/sitio\/wp-json\/wp\/v2\/media?parent=39071"}],"wp:term":[{"taxonomy":"category","embeddable":true,"href":"https:\/\/eldiariodesanpedro.com.ar\/sitio\/wp-json\/wp\/v2\/categories?post=39071"},{"taxonomy":"post_tag","embeddable":true,"href":"https:\/\/eldiariodesanpedro.com.ar\/sitio\/wp-json\/wp\/v2\/tags?post=39071"}],"curies":[{"name":"wp","href":"https:\/\/api.w.org\/{rel}","templated":true}]}}