{"id":39066,"date":"2018-08-27T08:35:35","date_gmt":"2018-08-27T11:35:35","guid":{"rendered":"https:\/\/eldiariodesanpedro.com.ar\/sitio\/?p=39066"},"modified":"2018-08-27T08:35:35","modified_gmt":"2018-08-27T11:35:35","slug":"pintaron-con-aerosol-un-auto-en-la-via-publica","status":"publish","type":"post","link":"https:\/\/eldiariodesanpedro.com.ar\/sitio\/pintaron-con-aerosol-un-auto-en-la-via-publica\/","title":{"rendered":"Pintaron con aerosol un auto en la v\u00eda publica"},"content":{"rendered":"<p><!-- VideographyWP Plugin Message: Automatic video embedding prevented by plugin options. --><br \/>\nEste domingo por la ma\u00f1ana, denuncio en la Dependencia Local, un ciudadano de 40 a\u00f1os de edad,  quien  hab\u00eda sido v\u00edctima de vandalismo.<\/p>\n<p>El hombre cuenta que deja su autom\u00f3vil marca Renault Megane en calle  Salta al 200 frente a su domicilio,  siendo las 07:00 horas, cuando egresa de su vivienda, constata que el mismo tenia inscripciones en su puerta trasera izquierda tipo grafitis con aerosol. <\/p>\n","protected":false},"excerpt":{"rendered":"<p>Este domingo por la ma\u00f1ana, denuncio en la Dependencia Local, un ciudadano de 40 a\u00f1os de edad, quien hab\u00eda sido v\u00edctima de vandalismo. El hombre cuenta que deja su autom\u00f3vil marca Renault Megane en calle Salta al 200 frente a su domicilio, siendo las 07:00 horas, cuando egresa de su vivienda, constata que el mismo [&hellip;]<\/p>\n","protected":false},"author":4,"featured_media":39067,"comment_status":"open","ping_status":"closed","sticky":false,"template":"","format":"standard","meta":{"om_disable_all_campaigns":false,"_jetpack_memberships_contains_paid_content":false,"footnotes":""},"categories":[2,103],"tags":[],"class_list":["post-39066","post","type-post","status-publish","format-standard","has-post-thumbnail","hentry","category-locales","category-policiales-locales"],"aioseo_notices":[],"gutentor_comment":0,"jetpack_featured_media_url":"https:\/\/eldiariodesanpedro.com.ar\/sitio\/wp-content\/uploads\/2018\/08\/WhatsApp-Image-2018-08-27-at-08.28.47.jpeg","jetpack_shortlink":"https:\/\/wp.me\/p6RhLt-aa6","jetpack_sharing_enabled":true,"_links":{"self":[{"href":"https:\/\/eldiariodesanpedro.com.ar\/sitio\/wp-json\/wp\/v2\/posts\/39066","targetHints":{"allow":["GET"]}}],"collection":[{"href":"https:\/\/eldiariodesanpedro.com.ar\/sitio\/wp-json\/wp\/v2\/posts"}],"about":[{"href":"https:\/\/eldiariodesanpedro.com.ar\/sitio\/wp-json\/wp\/v2\/types\/post"}],"author":[{"embeddable":true,"href":"https:\/\/eldiariodesanpedro.com.ar\/sitio\/wp-json\/wp\/v2\/users\/4"}],"replies":[{"embeddable":true,"href":"https:\/\/eldiariodesanpedro.com.ar\/sitio\/wp-json\/wp\/v2\/comments?post=39066"}],"version-history":[{"count":1,"href":"https:\/\/eldiariodesanpedro.com.ar\/sitio\/wp-json\/wp\/v2\/posts\/39066\/revisions"}],"predecessor-version":[{"id":39068,"href":"https:\/\/eldiariodesanpedro.com.ar\/sitio\/wp-json\/wp\/v2\/posts\/39066\/revisions\/39068"}],"wp:featuredmedia":[{"embeddable":true,"href":"https:\/\/eldiariodesanpedro.com.ar\/sitio\/wp-json\/wp\/v2\/media\/39067"}],"wp:attachment":[{"href":"https:\/\/eldiariodesanpedro.com.ar\/sitio\/wp-json\/wp\/v2\/media?parent=39066"}],"wp:term":[{"taxonomy":"category","embeddable":true,"href":"https:\/\/eldiariodesanpedro.com.ar\/sitio\/wp-json\/wp\/v2\/categories?post=39066"},{"taxonomy":"post_tag","embeddable":true,"href":"https:\/\/eldiariodesanpedro.com.ar\/sitio\/wp-json\/wp\/v2\/tags?post=39066"}],"curies":[{"name":"wp","href":"https:\/\/api.w.org\/{rel}","templated":true}]}}