{"id":39058,"date":"2018-08-26T20:36:18","date_gmt":"2018-08-26T23:36:18","guid":{"rendered":"https:\/\/eldiariodesanpedro.com.ar\/sitio\/?p=39058"},"modified":"2026-01-24T00:11:10","modified_gmt":"2026-01-24T03:11:10","slug":"futbol-local-la-liga-deportiva-sampedrina-suspendio-la-fecha-del-fin-de-semana","status":"publish","type":"post","link":"https:\/\/eldiariodesanpedro.com.ar\/sitio\/futbol-local-la-liga-deportiva-sampedrina-suspendio-la-fecha-del-fin-de-semana\/","title":{"rendered":"F\u00daTBOL LOCAL: La Liga Deportiva Sampedrina suspendi\u00f3 la fecha del fin de semana"},"content":{"rendered":"<p><!-- VideographyWP Plugin Message: Automatic video embedding prevented by plugin options. --><br \/>\nLa fecha prevista para el fin de semana fue suspendida en su totalidad debido al fallecimiento de un jugador de San Roque FC en la ma\u00f1ana del s\u00e1bado.<\/p>\n<p>  Kevin Guilmen, categor\u00eda 2003, se desempe\u00f1aba como arquero de la tercera divisi\u00f3n de San Roque FC. Esta ma\u00f1ana ingres\u00f3 a la guardia del Hospital local y a pesar de los intentos de reanimaci\u00f3n el joven falleci\u00f3 poco despu\u00e9s.<br \/>\n  Una sentida p\u00e9rdida de un adolescente que causa consternaci\u00f3n en la sociedad, determinando la liga de f\u00fatbol la suspensi\u00f3n de toda actividad en se\u00f1al de luto.<\/p>\n","protected":false},"excerpt":{"rendered":"<p>La fecha prevista para el fin de semana fue suspendida en su totalidad debido al fallecimiento de un jugador de San Roque FC en la ma\u00f1ana del s\u00e1bado. Kevin Guilmen, categor\u00eda 2003, se desempe\u00f1aba como arquero de la tercera divisi\u00f3n de San Roque FC. Esta ma\u00f1ana ingres\u00f3 a la guardia del Hospital local y a [&hellip;]<\/p>\n","protected":false},"author":4,"featured_media":20147,"comment_status":"open","ping_status":"closed","sticky":false,"template":"","format":"standard","meta":{"om_disable_all_campaigns":false,"_jetpack_memberships_contains_paid_content":false,"footnotes":""},"categories":[5],"tags":[],"class_list":["post-39058","post","type-post","status-publish","format-standard","has-post-thumbnail","hentry","category-deportes"],"aioseo_notices":[],"gutentor_comment":0,"jetpack_featured_media_url":"https:\/\/eldiariodesanpedro.com.ar\/sitio\/wp-content\/uploads\/2017\/06\/futbol-gol.jpg","jetpack_shortlink":"https:\/\/wp.me\/p6RhLt-a9Y","jetpack_sharing_enabled":true,"_links":{"self":[{"href":"https:\/\/eldiariodesanpedro.com.ar\/sitio\/wp-json\/wp\/v2\/posts\/39058","targetHints":{"allow":["GET"]}}],"collection":[{"href":"https:\/\/eldiariodesanpedro.com.ar\/sitio\/wp-json\/wp\/v2\/posts"}],"about":[{"href":"https:\/\/eldiariodesanpedro.com.ar\/sitio\/wp-json\/wp\/v2\/types\/post"}],"author":[{"embeddable":true,"href":"https:\/\/eldiariodesanpedro.com.ar\/sitio\/wp-json\/wp\/v2\/users\/4"}],"replies":[{"embeddable":true,"href":"https:\/\/eldiariodesanpedro.com.ar\/sitio\/wp-json\/wp\/v2\/comments?post=39058"}],"version-history":[{"count":2,"href":"https:\/\/eldiariodesanpedro.com.ar\/sitio\/wp-json\/wp\/v2\/posts\/39058\/revisions"}],"predecessor-version":[{"id":39062,"href":"https:\/\/eldiariodesanpedro.com.ar\/sitio\/wp-json\/wp\/v2\/posts\/39058\/revisions\/39062"}],"wp:featuredmedia":[{"embeddable":true,"href":"https:\/\/eldiariodesanpedro.com.ar\/sitio\/wp-json\/wp\/v2\/media\/20147"}],"wp:attachment":[{"href":"https:\/\/eldiariodesanpedro.com.ar\/sitio\/wp-json\/wp\/v2\/media?parent=39058"}],"wp:term":[{"taxonomy":"category","embeddable":true,"href":"https:\/\/eldiariodesanpedro.com.ar\/sitio\/wp-json\/wp\/v2\/categories?post=39058"},{"taxonomy":"post_tag","embeddable":true,"href":"https:\/\/eldiariodesanpedro.com.ar\/sitio\/wp-json\/wp\/v2\/tags?post=39058"}],"curies":[{"name":"wp","href":"https:\/\/api.w.org\/{rel}","templated":true}]}}