{"id":39053,"date":"2018-08-26T20:28:59","date_gmt":"2018-08-26T23:28:59","guid":{"rendered":"https:\/\/eldiariodesanpedro.com.ar\/sitio\/?p=39053"},"modified":"2018-08-26T20:28:59","modified_gmt":"2018-08-26T23:28:59","slug":"una-motocicleta-en-la-que-se-trasladaban-4-personas-intervino-en-un-accidente","status":"publish","type":"post","link":"https:\/\/eldiariodesanpedro.com.ar\/sitio\/una-motocicleta-en-la-que-se-trasladaban-4-personas-intervino-en-un-accidente\/","title":{"rendered":"Una motocicleta en la que se trasladaban 4 personas intervino en un accidente"},"content":{"rendered":"<p><!-- VideographyWP Plugin Message: Automatic video embedding prevented by plugin options. --><br \/>\nEste s\u00e1bado alrededor de las 13:20 hs. se produjo un incidente de tr\u00e1nsito sobre la intersecci\u00f3n de Av. 11 de Septiembre y calle Ayacucho. <\/p>\n<p>  Al llegar el personal policial se pudo corroborar el hecho. Por razones que son investigadas, una motocicleta Guerrero Trip 110 cc conducida por un hombre de 21 a\u00f1os, en la que viajaban adem\u00e1s tres menores de 11, 10 y 5 a\u00f1os, todos hermanos; fue colisionada por autom\u00f3vil Fiat Palio conducido por una ciudadana de 49 a\u00f1os. <\/p>\n<p> Como consecuencia del impacto los pasajeros de la moto fueron derivados por la ambulancia local hasta el Hospital, donde se dictamin\u00f3 que las heridas que hab\u00edan sufrido eran lesiones de car\u00e1cter leve, por lo que fueron dados de alta a la brevedad. La conductora del autom\u00f3vil result\u00f3 ilesa.<\/p>\n","protected":false},"excerpt":{"rendered":"<p>Este s\u00e1bado alrededor de las 13:20 hs. se produjo un incidente de tr\u00e1nsito sobre la intersecci\u00f3n de Av. 11 de Septiembre y calle Ayacucho. Al llegar el personal policial se pudo corroborar el hecho. Por razones que son investigadas, una motocicleta Guerrero Trip 110 cc conducida por un hombre de 21 a\u00f1os, en la que [&hellip;]<\/p>\n","protected":false},"author":4,"featured_media":9457,"comment_status":"open","ping_status":"closed","sticky":false,"template":"","format":"standard","meta":{"om_disable_all_campaigns":false,"_jetpack_memberships_contains_paid_content":false,"footnotes":""},"categories":[2,103],"tags":[],"class_list":["post-39053","post","type-post","status-publish","format-standard","has-post-thumbnail","hentry","category-locales","category-policiales-locales"],"aioseo_notices":[],"gutentor_comment":0,"jetpack_featured_media_url":"https:\/\/eldiariodesanpedro.com.ar\/sitio\/wp-content\/uploads\/2016\/10\/HOSPITAL-subzonal-san-pedro.jpg","jetpack_shortlink":"https:\/\/wp.me\/p6RhLt-a9T","jetpack_sharing_enabled":true,"_links":{"self":[{"href":"https:\/\/eldiariodesanpedro.com.ar\/sitio\/wp-json\/wp\/v2\/posts\/39053","targetHints":{"allow":["GET"]}}],"collection":[{"href":"https:\/\/eldiariodesanpedro.com.ar\/sitio\/wp-json\/wp\/v2\/posts"}],"about":[{"href":"https:\/\/eldiariodesanpedro.com.ar\/sitio\/wp-json\/wp\/v2\/types\/post"}],"author":[{"embeddable":true,"href":"https:\/\/eldiariodesanpedro.com.ar\/sitio\/wp-json\/wp\/v2\/users\/4"}],"replies":[{"embeddable":true,"href":"https:\/\/eldiariodesanpedro.com.ar\/sitio\/wp-json\/wp\/v2\/comments?post=39053"}],"version-history":[{"count":2,"href":"https:\/\/eldiariodesanpedro.com.ar\/sitio\/wp-json\/wp\/v2\/posts\/39053\/revisions"}],"predecessor-version":[{"id":39056,"href":"https:\/\/eldiariodesanpedro.com.ar\/sitio\/wp-json\/wp\/v2\/posts\/39053\/revisions\/39056"}],"wp:featuredmedia":[{"embeddable":true,"href":"https:\/\/eldiariodesanpedro.com.ar\/sitio\/wp-json\/wp\/v2\/media\/9457"}],"wp:attachment":[{"href":"https:\/\/eldiariodesanpedro.com.ar\/sitio\/wp-json\/wp\/v2\/media?parent=39053"}],"wp:term":[{"taxonomy":"category","embeddable":true,"href":"https:\/\/eldiariodesanpedro.com.ar\/sitio\/wp-json\/wp\/v2\/categories?post=39053"},{"taxonomy":"post_tag","embeddable":true,"href":"https:\/\/eldiariodesanpedro.com.ar\/sitio\/wp-json\/wp\/v2\/tags?post=39053"}],"curies":[{"name":"wp","href":"https:\/\/api.w.org\/{rel}","templated":true}]}}