{"id":39047,"date":"2018-08-26T20:22:48","date_gmt":"2018-08-26T23:22:48","guid":{"rendered":"https:\/\/eldiariodesanpedro.com.ar\/sitio\/?p=39047"},"modified":"2018-08-26T20:22:48","modified_gmt":"2018-08-26T23:22:48","slug":"mujer-herida-al-ser-embestida-por-una-camioneta","status":"publish","type":"post","link":"https:\/\/eldiariodesanpedro.com.ar\/sitio\/mujer-herida-al-ser-embestida-por-una-camioneta\/","title":{"rendered":"Mujer herida al ser embestida por una camioneta"},"content":{"rendered":"<p><!-- VideographyWP Plugin Message: Automatic video embedding prevented by plugin options. --><br \/>\nLa mujer herida se trasladaba en motocicleta y fue chocada en la esquina de calles Pellegrini y Juan B. Justo por una camioneta.<\/p>\n<p>  Sobre la noche del s\u00e1bado, alrededor de las 20.30 hs., se produjo una colisi\u00f3n entre una motocicleta y una camioneta. Sucedi\u00f3 en la esquina de calles Pellegrini y Juan B. Justo. <\/p>\n<p>  La camioneta Chevrolet S10 blanca conducida por un hombre de 42 a\u00f1os que, circulaba por la calle Pellegrini, colision\u00f3 con la moto Guerrero trip 110 cc roja que era conducida por una ciudadana de 24 a\u00f1os que se dirig\u00eda por Juan B. Justo, sentido a Mitre. <\/p>\n<p>  Por cuestiones que se desconocen el rodado mayor termin\u00f3 embistiendo a la motocicleta cuando justo pasaba.<br \/>\n  Seg\u00fan vecinos, la mujer y el rodado quedaron debajo de la camioneta hasta que la conductora pudo salir por sus propios medios. Una ambulancia del servicio SAME 107 asisti\u00f3 a la mujer y la traslad\u00f3 a la Guardia del Hospital \u00abEmilio Ruffa\u00bb, presentaba golpes en sus miembros inferiores.<\/p>\n","protected":false},"excerpt":{"rendered":"<p>La mujer herida se trasladaba en motocicleta y fue chocada en la esquina de calles Pellegrini y Juan B. Justo por una camioneta. Sobre la noche del s\u00e1bado, alrededor de las 20.30 hs., se produjo una colisi\u00f3n entre una motocicleta y una camioneta. Sucedi\u00f3 en la esquina de calles Pellegrini y Juan B. Justo. La [&hellip;]<\/p>\n","protected":false},"author":4,"featured_media":39050,"comment_status":"open","ping_status":"closed","sticky":false,"template":"","format":"standard","meta":{"om_disable_all_campaigns":false,"_jetpack_memberships_contains_paid_content":false,"footnotes":""},"categories":[2,103],"tags":[],"class_list":["post-39047","post","type-post","status-publish","format-standard","has-post-thumbnail","hentry","category-locales","category-policiales-locales"],"aioseo_notices":[],"gutentor_comment":0,"jetpack_featured_media_url":"https:\/\/eldiariodesanpedro.com.ar\/sitio\/wp-content\/uploads\/2018\/08\/Mujer-herida-al-ser-embestida-por-una-camioneta.jpg","jetpack_shortlink":"https:\/\/wp.me\/p6RhLt-a9N","jetpack_sharing_enabled":true,"_links":{"self":[{"href":"https:\/\/eldiariodesanpedro.com.ar\/sitio\/wp-json\/wp\/v2\/posts\/39047","targetHints":{"allow":["GET"]}}],"collection":[{"href":"https:\/\/eldiariodesanpedro.com.ar\/sitio\/wp-json\/wp\/v2\/posts"}],"about":[{"href":"https:\/\/eldiariodesanpedro.com.ar\/sitio\/wp-json\/wp\/v2\/types\/post"}],"author":[{"embeddable":true,"href":"https:\/\/eldiariodesanpedro.com.ar\/sitio\/wp-json\/wp\/v2\/users\/4"}],"replies":[{"embeddable":true,"href":"https:\/\/eldiariodesanpedro.com.ar\/sitio\/wp-json\/wp\/v2\/comments?post=39047"}],"version-history":[{"count":1,"href":"https:\/\/eldiariodesanpedro.com.ar\/sitio\/wp-json\/wp\/v2\/posts\/39047\/revisions"}],"predecessor-version":[{"id":39052,"href":"https:\/\/eldiariodesanpedro.com.ar\/sitio\/wp-json\/wp\/v2\/posts\/39047\/revisions\/39052"}],"wp:featuredmedia":[{"embeddable":true,"href":"https:\/\/eldiariodesanpedro.com.ar\/sitio\/wp-json\/wp\/v2\/media\/39050"}],"wp:attachment":[{"href":"https:\/\/eldiariodesanpedro.com.ar\/sitio\/wp-json\/wp\/v2\/media?parent=39047"}],"wp:term":[{"taxonomy":"category","embeddable":true,"href":"https:\/\/eldiariodesanpedro.com.ar\/sitio\/wp-json\/wp\/v2\/categories?post=39047"},{"taxonomy":"post_tag","embeddable":true,"href":"https:\/\/eldiariodesanpedro.com.ar\/sitio\/wp-json\/wp\/v2\/tags?post=39047"}],"curies":[{"name":"wp","href":"https:\/\/api.w.org\/{rel}","templated":true}]}}