{"id":39046,"date":"2018-08-26T20:21:44","date_gmt":"2018-08-26T23:21:44","guid":{"rendered":"https:\/\/eldiariodesanpedro.com.ar\/sitio\/?p=39046"},"modified":"2018-08-26T20:21:44","modified_gmt":"2018-08-26T23:21:44","slug":"ardieron-los-desperdicios-depositados-en-una-casa","status":"publish","type":"post","link":"https:\/\/eldiariodesanpedro.com.ar\/sitio\/ardieron-los-desperdicios-depositados-en-una-casa\/","title":{"rendered":"Ardieron los desperdicios depositados en una casa"},"content":{"rendered":"<p><!-- VideographyWP Plugin Message: Automatic video embedding prevented by plugin options. --><br \/>\nSucedi\u00f3 en una casa del barrio Obrero. All\u00ed se incendi\u00f3 la basura acopiada el propietario de la casa.<\/p>\n<p>  Durante la tarde del viernes se produjo un incendio en una propiedad ubicada sobre la calle Bozzano al 400. En ese lugar tom\u00f3 fuego una importante cantidad de basura que el due\u00f1o del lugar acopia desde hace a\u00f1os.<br \/>\n  Las llamas se generalizaron, obligando a que interviniera una unidad del cuerpo de Bomberos Voluntarios que, r\u00e1pidamente extingui\u00f3 el fuego.<br \/>\n  De todos modos, los vecinos del lugar reclamaron por la falta de control y sobre la presencia constante de basura en esa propiedad. <\/p>\n<p>Fuente: San Pedro Informa<\/p>\n","protected":false},"excerpt":{"rendered":"<p>Sucedi\u00f3 en una casa del barrio Obrero. All\u00ed se incendi\u00f3 la basura acopiada el propietario de la casa. Durante la tarde del viernes se produjo un incendio en una propiedad ubicada sobre la calle Bozzano al 400. En ese lugar tom\u00f3 fuego una importante cantidad de basura que el due\u00f1o del lugar acopia desde hace [&hellip;]<\/p>\n","protected":false},"author":4,"featured_media":39048,"comment_status":"open","ping_status":"closed","sticky":false,"template":"","format":"standard","meta":{"om_disable_all_campaigns":false,"_jetpack_memberships_contains_paid_content":false,"footnotes":""},"categories":[2,103],"tags":[],"class_list":["post-39046","post","type-post","status-publish","format-standard","has-post-thumbnail","hentry","category-locales","category-policiales-locales"],"aioseo_notices":[],"gutentor_comment":0,"jetpack_featured_media_url":"https:\/\/eldiariodesanpedro.com.ar\/sitio\/wp-content\/uploads\/2018\/08\/El-incendio-de-la-basura-acumulada.jpg","jetpack_shortlink":"https:\/\/wp.me\/p6RhLt-a9M","jetpack_sharing_enabled":true,"_links":{"self":[{"href":"https:\/\/eldiariodesanpedro.com.ar\/sitio\/wp-json\/wp\/v2\/posts\/39046","targetHints":{"allow":["GET"]}}],"collection":[{"href":"https:\/\/eldiariodesanpedro.com.ar\/sitio\/wp-json\/wp\/v2\/posts"}],"about":[{"href":"https:\/\/eldiariodesanpedro.com.ar\/sitio\/wp-json\/wp\/v2\/types\/post"}],"author":[{"embeddable":true,"href":"https:\/\/eldiariodesanpedro.com.ar\/sitio\/wp-json\/wp\/v2\/users\/4"}],"replies":[{"embeddable":true,"href":"https:\/\/eldiariodesanpedro.com.ar\/sitio\/wp-json\/wp\/v2\/comments?post=39046"}],"version-history":[{"count":2,"href":"https:\/\/eldiariodesanpedro.com.ar\/sitio\/wp-json\/wp\/v2\/posts\/39046\/revisions"}],"predecessor-version":[{"id":39051,"href":"https:\/\/eldiariodesanpedro.com.ar\/sitio\/wp-json\/wp\/v2\/posts\/39046\/revisions\/39051"}],"wp:featuredmedia":[{"embeddable":true,"href":"https:\/\/eldiariodesanpedro.com.ar\/sitio\/wp-json\/wp\/v2\/media\/39048"}],"wp:attachment":[{"href":"https:\/\/eldiariodesanpedro.com.ar\/sitio\/wp-json\/wp\/v2\/media?parent=39046"}],"wp:term":[{"taxonomy":"category","embeddable":true,"href":"https:\/\/eldiariodesanpedro.com.ar\/sitio\/wp-json\/wp\/v2\/categories?post=39046"},{"taxonomy":"post_tag","embeddable":true,"href":"https:\/\/eldiariodesanpedro.com.ar\/sitio\/wp-json\/wp\/v2\/tags?post=39046"}],"curies":[{"name":"wp","href":"https:\/\/api.w.org\/{rel}","templated":true}]}}