{"id":39037,"date":"2018-08-26T19:59:01","date_gmt":"2018-08-26T22:59:01","guid":{"rendered":"https:\/\/eldiariodesanpedro.com.ar\/sitio\/?p=39037"},"modified":"2018-08-26T19:59:01","modified_gmt":"2018-08-26T22:59:01","slug":"grave-incendio-de-pastizales-en-la-zona-de-islas","status":"publish","type":"post","link":"https:\/\/eldiariodesanpedro.com.ar\/sitio\/grave-incendio-de-pastizales-en-la-zona-de-islas\/","title":{"rendered":"Grave Incendio de pastizales en la zona de islas"},"content":{"rendered":"<p><!-- VideographyWP Plugin Message: Automatic video embedding prevented by plugin options. --><br \/>\nEste domingo por la tarde se inici\u00f3 un incendio de pastizales en islas de la zona de Los Lobos, donde se encuentra uno de los focos m\u00e1s preocupantes. <\/p>\n<p>Alrededor de las 14.00 de este domingo por razones que se tratan de establecer se produjo un incendio pr\u00f3ximo a un pu\u00f1ado de casas sobre la costa. <\/p>\n<p>Se hizo presente Bomberos Voluntarios en conjunto con Prefectura puesto que bomberos no cuentan con embarcaciones para verificar por su propia cuenta. <\/p>\n<p>El fuego es combatido con un arduo trabajo con mochilas con agua y cortafuegos manuales, hasta este domingo por la noche a\u00fan no fue sofocado. <\/p>\n<p><img decoding=\"async\" data-attachment-id=\"39042\" data-permalink=\"https:\/\/eldiariodesanpedro.com.ar\/sitio\/grave-incendio-de-pastizales-en-la-zona-de-islas\/img-20180826-wa0061\/\" data-orig-file=\"https:\/\/eldiariodesanpedro.com.ar\/sitio\/wp-content\/uploads\/2018\/08\/IMG-20180826-WA0061-e1535324146858.jpg\" data-orig-size=\"960,579\" data-comments-opened=\"1\" data-image-meta=\"{&quot;aperture&quot;:&quot;0&quot;,&quot;credit&quot;:&quot;&quot;,&quot;camera&quot;:&quot;&quot;,&quot;caption&quot;:&quot;&quot;,&quot;created_timestamp&quot;:&quot;0&quot;,&quot;copyright&quot;:&quot;&quot;,&quot;focal_length&quot;:&quot;0&quot;,&quot;iso&quot;:&quot;0&quot;,&quot;shutter_speed&quot;:&quot;0&quot;,&quot;title&quot;:&quot;&quot;,&quot;orientation&quot;:&quot;0&quot;}\" data-image-title=\"IMG-20180826-WA0061\" data-image-description=\"\" data-image-caption=\"\" data-large-file=\"https:\/\/eldiariodesanpedro.com.ar\/sitio\/wp-content\/uploads\/2018\/08\/IMG-20180826-WA0061-768x1024.jpg\" data-src=\"https:\/\/eldiariodesanpedro.com.ar\/sitio\/wp-content\/uploads\/2018\/08\/IMG-20180826-WA0061-768x1024.jpg\" alt=\"\" width=\"660\" height=\"880\" class=\"alignnone size-large wp-image-39042 lazyload\" src=\"data:image\/svg+xml;base64,PHN2ZyB3aWR0aD0iMSIgaGVpZ2h0PSIxIiB4bWxucz0iaHR0cDovL3d3dy53My5vcmcvMjAwMC9zdmciPjwvc3ZnPg==\" style=\"--smush-placeholder-width: 660px; --smush-placeholder-aspect-ratio: 660\/880;\" \/><\/p>\n<p><img decoding=\"async\" data-attachment-id=\"39041\" data-permalink=\"https:\/\/eldiariodesanpedro.com.ar\/sitio\/grave-incendio-de-pastizales-en-la-zona-de-islas\/img-20180826-wa0063\/\" data-orig-file=\"https:\/\/eldiariodesanpedro.com.ar\/sitio\/wp-content\/uploads\/2018\/08\/IMG-20180826-WA0063.jpg\" data-orig-size=\"960,1280\" data-comments-opened=\"1\" data-image-meta=\"{&quot;aperture&quot;:&quot;0&quot;,&quot;credit&quot;:&quot;&quot;,&quot;camera&quot;:&quot;&quot;,&quot;caption&quot;:&quot;&quot;,&quot;created_timestamp&quot;:&quot;0&quot;,&quot;copyright&quot;:&quot;&quot;,&quot;focal_length&quot;:&quot;0&quot;,&quot;iso&quot;:&quot;0&quot;,&quot;shutter_speed&quot;:&quot;0&quot;,&quot;title&quot;:&quot;&quot;,&quot;orientation&quot;:&quot;0&quot;}\" data-image-title=\"IMG-20180826-WA0063\" data-image-description=\"\" data-image-caption=\"\" data-large-file=\"https:\/\/eldiariodesanpedro.com.ar\/sitio\/wp-content\/uploads\/2018\/08\/IMG-20180826-WA0063-768x1024.jpg\" data-src=\"https:\/\/eldiariodesanpedro.com.ar\/sitio\/wp-content\/uploads\/2018\/08\/IMG-20180826-WA0063-768x1024.jpg\" alt=\"\" width=\"660\" height=\"880\" class=\"alignnone size-large wp-image-39041 lazyload\" data-srcset=\"https:\/\/eldiariodesanpedro.com.ar\/sitio\/wp-content\/uploads\/2018\/08\/IMG-20180826-WA0063-768x1024.jpg 768w, https:\/\/eldiariodesanpedro.com.ar\/sitio\/wp-content\/uploads\/2018\/08\/IMG-20180826-WA0063-225x300.jpg 225w, https:\/\/eldiariodesanpedro.com.ar\/sitio\/wp-content\/uploads\/2018\/08\/IMG-20180826-WA0063.jpg 960w\" data-sizes=\"(max-width: 660px) 100vw, 660px\" src=\"data:image\/svg+xml;base64,PHN2ZyB3aWR0aD0iMSIgaGVpZ2h0PSIxIiB4bWxucz0iaHR0cDovL3d3dy53My5vcmcvMjAwMC9zdmciPjwvc3ZnPg==\" style=\"--smush-placeholder-width: 660px; --smush-placeholder-aspect-ratio: 660\/880;\" \/><\/p>\n<p><img decoding=\"async\" data-attachment-id=\"39040\" data-permalink=\"https:\/\/eldiariodesanpedro.com.ar\/sitio\/grave-incendio-de-pastizales-en-la-zona-de-islas\/img-20180826-wa0064\/\" data-orig-file=\"https:\/\/eldiariodesanpedro.com.ar\/sitio\/wp-content\/uploads\/2018\/08\/IMG-20180826-WA0064.jpg\" data-orig-size=\"960,1280\" data-comments-opened=\"1\" data-image-meta=\"{&quot;aperture&quot;:&quot;0&quot;,&quot;credit&quot;:&quot;&quot;,&quot;camera&quot;:&quot;&quot;,&quot;caption&quot;:&quot;&quot;,&quot;created_timestamp&quot;:&quot;0&quot;,&quot;copyright&quot;:&quot;&quot;,&quot;focal_length&quot;:&quot;0&quot;,&quot;iso&quot;:&quot;0&quot;,&quot;shutter_speed&quot;:&quot;0&quot;,&quot;title&quot;:&quot;&quot;,&quot;orientation&quot;:&quot;0&quot;}\" data-image-title=\"IMG-20180826-WA0064\" data-image-description=\"\" data-image-caption=\"\" data-large-file=\"https:\/\/eldiariodesanpedro.com.ar\/sitio\/wp-content\/uploads\/2018\/08\/IMG-20180826-WA0064-768x1024.jpg\" data-src=\"https:\/\/eldiariodesanpedro.com.ar\/sitio\/wp-content\/uploads\/2018\/08\/IMG-20180826-WA0064-768x1024.jpg\" alt=\"\" width=\"660\" height=\"880\" class=\"alignnone size-large wp-image-39040 lazyload\" data-srcset=\"https:\/\/eldiariodesanpedro.com.ar\/sitio\/wp-content\/uploads\/2018\/08\/IMG-20180826-WA0064-768x1024.jpg 768w, https:\/\/eldiariodesanpedro.com.ar\/sitio\/wp-content\/uploads\/2018\/08\/IMG-20180826-WA0064-225x300.jpg 225w, https:\/\/eldiariodesanpedro.com.ar\/sitio\/wp-content\/uploads\/2018\/08\/IMG-20180826-WA0064.jpg 960w\" data-sizes=\"(max-width: 660px) 100vw, 660px\" src=\"data:image\/svg+xml;base64,PHN2ZyB3aWR0aD0iMSIgaGVpZ2h0PSIxIiB4bWxucz0iaHR0cDovL3d3dy53My5vcmcvMjAwMC9zdmciPjwvc3ZnPg==\" style=\"--smush-placeholder-width: 660px; --smush-placeholder-aspect-ratio: 660\/880;\" \/><\/p>\n<p><img decoding=\"async\" data-attachment-id=\"39039\" data-permalink=\"https:\/\/eldiariodesanpedro.com.ar\/sitio\/grave-incendio-de-pastizales-en-la-zona-de-islas\/img-20180826-wa0062\/\" data-orig-file=\"https:\/\/eldiariodesanpedro.com.ar\/sitio\/wp-content\/uploads\/2018\/08\/IMG-20180826-WA0062.jpg\" data-orig-size=\"960,1280\" data-comments-opened=\"1\" data-image-meta=\"{&quot;aperture&quot;:&quot;0&quot;,&quot;credit&quot;:&quot;&quot;,&quot;camera&quot;:&quot;&quot;,&quot;caption&quot;:&quot;&quot;,&quot;created_timestamp&quot;:&quot;0&quot;,&quot;copyright&quot;:&quot;&quot;,&quot;focal_length&quot;:&quot;0&quot;,&quot;iso&quot;:&quot;0&quot;,&quot;shutter_speed&quot;:&quot;0&quot;,&quot;title&quot;:&quot;&quot;,&quot;orientation&quot;:&quot;0&quot;}\" data-image-title=\"IMG-20180826-WA0062\" data-image-description=\"\" data-image-caption=\"\" data-large-file=\"https:\/\/eldiariodesanpedro.com.ar\/sitio\/wp-content\/uploads\/2018\/08\/IMG-20180826-WA0062-768x1024.jpg\" data-src=\"https:\/\/eldiariodesanpedro.com.ar\/sitio\/wp-content\/uploads\/2018\/08\/IMG-20180826-WA0062-768x1024.jpg\" alt=\"\" width=\"660\" height=\"880\" class=\"alignnone size-large wp-image-39039 lazyload\" data-srcset=\"https:\/\/eldiariodesanpedro.com.ar\/sitio\/wp-content\/uploads\/2018\/08\/IMG-20180826-WA0062-768x1024.jpg 768w, https:\/\/eldiariodesanpedro.com.ar\/sitio\/wp-content\/uploads\/2018\/08\/IMG-20180826-WA0062-225x300.jpg 225w, https:\/\/eldiariodesanpedro.com.ar\/sitio\/wp-content\/uploads\/2018\/08\/IMG-20180826-WA0062.jpg 960w\" data-sizes=\"(max-width: 660px) 100vw, 660px\" src=\"data:image\/svg+xml;base64,PHN2ZyB3aWR0aD0iMSIgaGVpZ2h0PSIxIiB4bWxucz0iaHR0cDovL3d3dy53My5vcmcvMjAwMC9zdmciPjwvc3ZnPg==\" style=\"--smush-placeholder-width: 660px; --smush-placeholder-aspect-ratio: 660\/880;\" \/><\/p>\n<p><img decoding=\"async\" data-attachment-id=\"39043\" data-permalink=\"https:\/\/eldiariodesanpedro.com.ar\/sitio\/grave-incendio-de-pastizales-en-la-zona-de-islas\/img-20180826-wa0065\/\" data-orig-file=\"https:\/\/eldiariodesanpedro.com.ar\/sitio\/wp-content\/uploads\/2018\/08\/IMG-20180826-WA0065.jpg\" data-orig-size=\"1032,581\" data-comments-opened=\"1\" data-image-meta=\"{&quot;aperture&quot;:&quot;0&quot;,&quot;credit&quot;:&quot;&quot;,&quot;camera&quot;:&quot;&quot;,&quot;caption&quot;:&quot;&quot;,&quot;created_timestamp&quot;:&quot;0&quot;,&quot;copyright&quot;:&quot;&quot;,&quot;focal_length&quot;:&quot;0&quot;,&quot;iso&quot;:&quot;0&quot;,&quot;shutter_speed&quot;:&quot;0&quot;,&quot;title&quot;:&quot;&quot;,&quot;orientation&quot;:&quot;0&quot;}\" data-image-title=\"IMG-20180826-WA0065\" data-image-description=\"\" data-image-caption=\"\" data-large-file=\"https:\/\/eldiariodesanpedro.com.ar\/sitio\/wp-content\/uploads\/2018\/08\/IMG-20180826-WA0065-1024x576.jpg\" data-src=\"https:\/\/eldiariodesanpedro.com.ar\/sitio\/wp-content\/uploads\/2018\/08\/IMG-20180826-WA0065-1024x576.jpg\" alt=\"\" width=\"660\" height=\"371\" class=\"alignnone size-large wp-image-39043 lazyload\" data-srcset=\"https:\/\/eldiariodesanpedro.com.ar\/sitio\/wp-content\/uploads\/2018\/08\/IMG-20180826-WA0065-1024x576.jpg 1024w, https:\/\/eldiariodesanpedro.com.ar\/sitio\/wp-content\/uploads\/2018\/08\/IMG-20180826-WA0065-300x169.jpg 300w, https:\/\/eldiariodesanpedro.com.ar\/sitio\/wp-content\/uploads\/2018\/08\/IMG-20180826-WA0065-768x432.jpg 768w, https:\/\/eldiariodesanpedro.com.ar\/sitio\/wp-content\/uploads\/2018\/08\/IMG-20180826-WA0065.jpg 1032w\" data-sizes=\"(max-width: 660px) 100vw, 660px\" src=\"data:image\/svg+xml;base64,PHN2ZyB3aWR0aD0iMSIgaGVpZ2h0PSIxIiB4bWxucz0iaHR0cDovL3d3dy53My5vcmcvMjAwMC9zdmciPjwvc3ZnPg==\" style=\"--smush-placeholder-width: 660px; --smush-placeholder-aspect-ratio: 660\/371;\" \/><\/p>\n","protected":false},"excerpt":{"rendered":"<p>Este domingo por la tarde se inici\u00f3 un incendio de pastizales en islas de la zona de Los Lobos, donde se encuentra uno de los focos m\u00e1s preocupantes. Alrededor de las 14.00 de este domingo por razones que se tratan de establecer se produjo un incendio pr\u00f3ximo a un pu\u00f1ado de casas sobre la costa. [&hellip;]<\/p>\n","protected":false},"author":4,"featured_media":39042,"comment_status":"open","ping_status":"closed","sticky":false,"template":"","format":"standard","meta":{"om_disable_all_campaigns":false,"_jetpack_memberships_contains_paid_content":false,"footnotes":""},"categories":[101,2],"tags":[],"class_list":["post-39037","post","type-post","status-publish","format-standard","has-post-thumbnail","hentry","category-interes-general-locales","category-locales"],"aioseo_notices":[],"gutentor_comment":0,"jetpack_featured_media_url":"https:\/\/eldiariodesanpedro.com.ar\/sitio\/wp-content\/uploads\/2018\/08\/IMG-20180826-WA0061-e1535324146858.jpg","jetpack_shortlink":"https:\/\/wp.me\/p6RhLt-a9D","jetpack_sharing_enabled":true,"_links":{"self":[{"href":"https:\/\/eldiariodesanpedro.com.ar\/sitio\/wp-json\/wp\/v2\/posts\/39037","targetHints":{"allow":["GET"]}}],"collection":[{"href":"https:\/\/eldiariodesanpedro.com.ar\/sitio\/wp-json\/wp\/v2\/posts"}],"about":[{"href":"https:\/\/eldiariodesanpedro.com.ar\/sitio\/wp-json\/wp\/v2\/types\/post"}],"author":[{"embeddable":true,"href":"https:\/\/eldiariodesanpedro.com.ar\/sitio\/wp-json\/wp\/v2\/users\/4"}],"replies":[{"embeddable":true,"href":"https:\/\/eldiariodesanpedro.com.ar\/sitio\/wp-json\/wp\/v2\/comments?post=39037"}],"version-history":[{"count":1,"href":"https:\/\/eldiariodesanpedro.com.ar\/sitio\/wp-json\/wp\/v2\/posts\/39037\/revisions"}],"predecessor-version":[{"id":39044,"href":"https:\/\/eldiariodesanpedro.com.ar\/sitio\/wp-json\/wp\/v2\/posts\/39037\/revisions\/39044"}],"wp:featuredmedia":[{"embeddable":true,"href":"https:\/\/eldiariodesanpedro.com.ar\/sitio\/wp-json\/wp\/v2\/media\/39042"}],"wp:attachment":[{"href":"https:\/\/eldiariodesanpedro.com.ar\/sitio\/wp-json\/wp\/v2\/media?parent=39037"}],"wp:term":[{"taxonomy":"category","embeddable":true,"href":"https:\/\/eldiariodesanpedro.com.ar\/sitio\/wp-json\/wp\/v2\/categories?post=39037"},{"taxonomy":"post_tag","embeddable":true,"href":"https:\/\/eldiariodesanpedro.com.ar\/sitio\/wp-json\/wp\/v2\/tags?post=39037"}],"curies":[{"name":"wp","href":"https:\/\/api.w.org\/{rel}","templated":true}]}}