{"id":39025,"date":"2018-08-26T17:58:40","date_gmt":"2018-08-26T20:58:40","guid":{"rendered":"https:\/\/eldiariodesanpedro.com.ar\/sitio\/?p=39025"},"modified":"2018-08-26T17:58:40","modified_gmt":"2018-08-26T20:58:40","slug":"baradero-encontro-una-bolsa-con-30-mil-pesos-y-la-devolvio","status":"publish","type":"post","link":"https:\/\/eldiariodesanpedro.com.ar\/sitio\/baradero-encontro-una-bolsa-con-30-mil-pesos-y-la-devolvio\/","title":{"rendered":"BARADERO: Encontr\u00f3 una bolsa con 30 mil pesos y la devolvi\u00f3"},"content":{"rendered":"<p><!-- VideographyWP Plugin Message: Automatic video embedding prevented by plugin options. --><br \/>\nJuan Mart\u00edn Matheus es un joven como cualquier otro de nuestra ciudad. Ayer a la ma\u00f1ana sali\u00f3 de su casa del Barrio de Refiner\u00edas y le llam\u00f3 la atenci\u00f3n una bolsa de lona tirada en su vereda.<\/p>\n<p>Cuando se acerc\u00f3, pudo notar que en su interior hab\u00eda plata y papeles. Volvi\u00f3 a entrar a su casa ya con la bolsa, cont\u00f3 el dinero llev\u00e1ndose una sorpresa, 30 mil pesos hab\u00eda adentro.<\/p>\n<p>Una suma para nada despreciable, sobre todo para el que est\u00e1 sin trabajo y en la dur\u00edsima lucha diaria de dar con alguno que lo ayude aunque sea a sobrevivir.<\/p>\n<p>Pero Juan busc\u00f3 entre los recibos que en la bolsa estaban y pudo dar a trav\u00e9s de la gu\u00eda telef\u00f3nica con el propietario del dinero.<\/p>\n<p>\u201cLe pregunt\u00e9 si hab\u00eda perdido una bolsa con dinero y como me dijo que si le ped\u00ed que me diga cuanto hab\u00eda\u201d Juan quer\u00eda asegurarse que ese dinero le pertenec\u00eda a la persona que estaba del otro lado del tel\u00e9fono.<\/p>\n<p>A los pocos minutos se encontraron y Juan devolvi\u00f3 hasta el \u00faltimo peso que hab\u00eda encontrado: \u201cMe ofreci\u00f3 darme plata como recompensa pero como era para pagar servicios y deudas le dije que no. A todos nos esta costando vivir en esta \u00e9poca\u201d.<\/p>\n<p>\u201cMir\u00e1 que estoy sin laburo y la estoy pasando mal, pero te juro que jam\u00e1s se me cruz\u00f3 por la cabeza otra cosa que no sea devolver esa plata\u201d.<\/p>\n<p>No nos ten\u00e9s que jurar nada Juan Mart\u00edn, te creemos y felicitamos porque actos como estos cada vez se ven menos. Sos un ejemplo y la vida te va a premiar tarde o temprano.<\/p>\n","protected":false},"excerpt":{"rendered":"<p>Juan Mart\u00edn Matheus es un joven como cualquier otro de nuestra ciudad. Ayer a la ma\u00f1ana sali\u00f3 de su casa del Barrio de Refiner\u00edas y le llam\u00f3 la atenci\u00f3n una bolsa de lona tirada en su vereda. Cuando se acerc\u00f3, pudo notar que en su interior hab\u00eda plata y papeles. Volvi\u00f3 a entrar a su [&hellip;]<\/p>\n","protected":false},"author":4,"featured_media":39026,"comment_status":"open","ping_status":"closed","sticky":false,"template":"","format":"standard","meta":{"om_disable_all_campaigns":false,"_jetpack_memberships_contains_paid_content":false,"footnotes":""},"categories":[621],"tags":[],"class_list":["post-39025","post","type-post","status-publish","format-standard","has-post-thumbnail","hentry","category-regionales"],"aioseo_notices":[],"gutentor_comment":0,"jetpack_featured_media_url":"https:\/\/eldiariodesanpedro.com.ar\/sitio\/wp-content\/uploads\/2018\/08\/bolsa-dinero-747x420.jpg","jetpack_shortlink":"https:\/\/wp.me\/p6RhLt-a9r","jetpack_sharing_enabled":true,"_links":{"self":[{"href":"https:\/\/eldiariodesanpedro.com.ar\/sitio\/wp-json\/wp\/v2\/posts\/39025","targetHints":{"allow":["GET"]}}],"collection":[{"href":"https:\/\/eldiariodesanpedro.com.ar\/sitio\/wp-json\/wp\/v2\/posts"}],"about":[{"href":"https:\/\/eldiariodesanpedro.com.ar\/sitio\/wp-json\/wp\/v2\/types\/post"}],"author":[{"embeddable":true,"href":"https:\/\/eldiariodesanpedro.com.ar\/sitio\/wp-json\/wp\/v2\/users\/4"}],"replies":[{"embeddable":true,"href":"https:\/\/eldiariodesanpedro.com.ar\/sitio\/wp-json\/wp\/v2\/comments?post=39025"}],"version-history":[{"count":1,"href":"https:\/\/eldiariodesanpedro.com.ar\/sitio\/wp-json\/wp\/v2\/posts\/39025\/revisions"}],"predecessor-version":[{"id":39027,"href":"https:\/\/eldiariodesanpedro.com.ar\/sitio\/wp-json\/wp\/v2\/posts\/39025\/revisions\/39027"}],"wp:featuredmedia":[{"embeddable":true,"href":"https:\/\/eldiariodesanpedro.com.ar\/sitio\/wp-json\/wp\/v2\/media\/39026"}],"wp:attachment":[{"href":"https:\/\/eldiariodesanpedro.com.ar\/sitio\/wp-json\/wp\/v2\/media?parent=39025"}],"wp:term":[{"taxonomy":"category","embeddable":true,"href":"https:\/\/eldiariodesanpedro.com.ar\/sitio\/wp-json\/wp\/v2\/categories?post=39025"},{"taxonomy":"post_tag","embeddable":true,"href":"https:\/\/eldiariodesanpedro.com.ar\/sitio\/wp-json\/wp\/v2\/tags?post=39025"}],"curies":[{"name":"wp","href":"https:\/\/api.w.org\/{rel}","templated":true}]}}