{"id":39024,"date":"2018-08-26T18:54:28","date_gmt":"2018-08-26T21:54:28","guid":{"rendered":"https:\/\/eldiariodesanpedro.com.ar\/sitio\/?p=39024"},"modified":"2018-08-26T18:57:30","modified_gmt":"2018-08-26T21:57:30","slug":"fallecio-un-nino-de-14-al-entrar-al-hospital-ya-con-un-paro","status":"publish","type":"post","link":"https:\/\/eldiariodesanpedro.com.ar\/sitio\/fallecio-un-nino-de-14-al-entrar-al-hospital-ya-con-un-paro\/","title":{"rendered":"Falleci\u00f3 un ni\u00f1o de 14 al entrar al hospital ya con un paro"},"content":{"rendered":"<p><!-- VideographyWP Plugin Message: Automatic video embedding prevented by plugin options. --><br \/>\nKevin Guilmen de 14 a\u00f1os falleci\u00f3 en la ma\u00f1ana del s\u00e1bado por causas que aun se deben establecer. El adolescente ingres\u00f3 a la guardia del Hospital de nuestra ciudad promediando la ma\u00f1ana y a pesar del esfuerzo que realizaron los m\u00e9dicos para salvarle la vida no pudieron reanimarlo y falleci\u00f3.<\/p>\n<p>Guilmen sufri\u00f3 un paro card\u00edaco y desde la guardia del nosocomio explicaron que el joven ingres\u00f3 con un cuadro grave y que fue su madre quien al intentar despertarlo advirti\u00f3 que algo le hab\u00eda pasado. <\/p>\n<p>El malogrado adolescente jugaba al f\u00fatbol e integraba el equipo de tercera divisi\u00f3n del club San Roque en el que era el arquero. \u00abHasta ayer fue a practicar con normalidad\u00bb, dijo el DT Gustavo Franco. <\/p>\n<p>Debido al fallecimiento de Guilmen, la Liga Deportiva Sampedrina resolvi\u00f3 suspender por completo la tercera fecha del Torneo Clausura. <\/p>\n<p>Fuente: San Pedro Informa<\/p>\n","protected":false},"excerpt":{"rendered":"<p>Kevin Guilmen de 14 a\u00f1os falleci\u00f3 en la ma\u00f1ana del s\u00e1bado por causas que aun se deben establecer. El adolescente ingres\u00f3 a la guardia del Hospital de nuestra ciudad promediando la ma\u00f1ana y a pesar del esfuerzo que realizaron los m\u00e9dicos para salvarle la vida no pudieron reanimarlo y falleci\u00f3. Guilmen sufri\u00f3 un paro card\u00edaco [&hellip;]<\/p>\n","protected":false},"author":4,"featured_media":39028,"comment_status":"open","ping_status":"closed","sticky":false,"template":"","format":"standard","meta":{"om_disable_all_campaigns":false,"_jetpack_memberships_contains_paid_content":false,"footnotes":""},"categories":[50,2,103],"tags":[],"class_list":["post-39024","post","type-post","status-publish","format-standard","has-post-thumbnail","hentry","category-destacadas","category-locales","category-policiales-locales"],"aioseo_notices":[],"gutentor_comment":0,"jetpack_featured_media_url":"https:\/\/eldiariodesanpedro.com.ar\/sitio\/wp-content\/uploads\/2018\/08\/TAPA.jpg","jetpack_shortlink":"https:\/\/wp.me\/p6RhLt-a9q","jetpack_sharing_enabled":true,"_links":{"self":[{"href":"https:\/\/eldiariodesanpedro.com.ar\/sitio\/wp-json\/wp\/v2\/posts\/39024","targetHints":{"allow":["GET"]}}],"collection":[{"href":"https:\/\/eldiariodesanpedro.com.ar\/sitio\/wp-json\/wp\/v2\/posts"}],"about":[{"href":"https:\/\/eldiariodesanpedro.com.ar\/sitio\/wp-json\/wp\/v2\/types\/post"}],"author":[{"embeddable":true,"href":"https:\/\/eldiariodesanpedro.com.ar\/sitio\/wp-json\/wp\/v2\/users\/4"}],"replies":[{"embeddable":true,"href":"https:\/\/eldiariodesanpedro.com.ar\/sitio\/wp-json\/wp\/v2\/comments?post=39024"}],"version-history":[{"count":2,"href":"https:\/\/eldiariodesanpedro.com.ar\/sitio\/wp-json\/wp\/v2\/posts\/39024\/revisions"}],"predecessor-version":[{"id":39030,"href":"https:\/\/eldiariodesanpedro.com.ar\/sitio\/wp-json\/wp\/v2\/posts\/39024\/revisions\/39030"}],"wp:featuredmedia":[{"embeddable":true,"href":"https:\/\/eldiariodesanpedro.com.ar\/sitio\/wp-json\/wp\/v2\/media\/39028"}],"wp:attachment":[{"href":"https:\/\/eldiariodesanpedro.com.ar\/sitio\/wp-json\/wp\/v2\/media?parent=39024"}],"wp:term":[{"taxonomy":"category","embeddable":true,"href":"https:\/\/eldiariodesanpedro.com.ar\/sitio\/wp-json\/wp\/v2\/categories?post=39024"},{"taxonomy":"post_tag","embeddable":true,"href":"https:\/\/eldiariodesanpedro.com.ar\/sitio\/wp-json\/wp\/v2\/tags?post=39024"}],"curies":[{"name":"wp","href":"https:\/\/api.w.org\/{rel}","templated":true}]}}