{"id":39020,"date":"2018-08-25T11:40:20","date_gmt":"2018-08-25T14:40:20","guid":{"rendered":"https:\/\/eldiariodesanpedro.com.ar\/sitio\/?p=39020"},"modified":"2018-08-25T11:40:20","modified_gmt":"2018-08-25T14:40:20","slug":"este-domingo-cortes-programados-de-luz","status":"publish","type":"post","link":"https:\/\/eldiariodesanpedro.com.ar\/sitio\/este-domingo-cortes-programados-de-luz\/","title":{"rendered":"Este domingo cortes programados de luz"},"content":{"rendered":"<p><!-- VideographyWP Plugin Message: Automatic video embedding prevented by plugin options. --><br \/>\nCOOPSER informa que este domingo 26 de Agosto,\u00a0el Departamento El\u00e9ctrico realizar\u00e1 cortes rotativos\u00a0entre las 7 y las 18HS, en diferentes puntos de la ciudad para responder a la demanda de restricci\u00f3n de consumo solicitada por TRANSBA que cumplir\u00e1 con tareas de mantenimiento en que afectar\u00e1n la l\u00ednea de alta tensi\u00f3n San Pedro &#8211; Baradero.<\/p>\n<p>Esta actividad puede ocasionar interrupciones moment\u00e1neas en algunas zonas de la ciudad que de ser posible ser\u00e1n informadas en la misma jornada pero que depender\u00e1n de la evoluci\u00f3n de los trabajos informados.<\/p>\n","protected":false},"excerpt":{"rendered":"<p>COOPSER informa que este domingo 26 de Agosto,\u00a0el Departamento El\u00e9ctrico realizar\u00e1 cortes rotativos\u00a0entre las 7 y las 18HS, en diferentes puntos de la ciudad para responder a la demanda de restricci\u00f3n de consumo solicitada por TRANSBA que cumplir\u00e1 con tareas de mantenimiento en que afectar\u00e1n la l\u00ednea de alta tensi\u00f3n San Pedro &#8211; Baradero. Esta [&hellip;]<\/p>\n","protected":false},"author":4,"featured_media":39021,"comment_status":"open","ping_status":"closed","sticky":false,"template":"","format":"standard","meta":{"om_disable_all_campaigns":false,"_jetpack_memberships_contains_paid_content":false,"footnotes":""},"categories":[101,2],"tags":[],"class_list":["post-39020","post","type-post","status-publish","format-standard","has-post-thumbnail","hentry","category-interes-general-locales","category-locales"],"aioseo_notices":[],"gutentor_comment":0,"jetpack_featured_media_url":"https:\/\/eldiariodesanpedro.com.ar\/sitio\/wp-content\/uploads\/2018\/08\/coopser_-_corte_de_luz_7.jpg","jetpack_shortlink":"https:\/\/wp.me\/p6RhLt-a9m","jetpack_sharing_enabled":true,"_links":{"self":[{"href":"https:\/\/eldiariodesanpedro.com.ar\/sitio\/wp-json\/wp\/v2\/posts\/39020","targetHints":{"allow":["GET"]}}],"collection":[{"href":"https:\/\/eldiariodesanpedro.com.ar\/sitio\/wp-json\/wp\/v2\/posts"}],"about":[{"href":"https:\/\/eldiariodesanpedro.com.ar\/sitio\/wp-json\/wp\/v2\/types\/post"}],"author":[{"embeddable":true,"href":"https:\/\/eldiariodesanpedro.com.ar\/sitio\/wp-json\/wp\/v2\/users\/4"}],"replies":[{"embeddable":true,"href":"https:\/\/eldiariodesanpedro.com.ar\/sitio\/wp-json\/wp\/v2\/comments?post=39020"}],"version-history":[{"count":1,"href":"https:\/\/eldiariodesanpedro.com.ar\/sitio\/wp-json\/wp\/v2\/posts\/39020\/revisions"}],"predecessor-version":[{"id":39022,"href":"https:\/\/eldiariodesanpedro.com.ar\/sitio\/wp-json\/wp\/v2\/posts\/39020\/revisions\/39022"}],"wp:featuredmedia":[{"embeddable":true,"href":"https:\/\/eldiariodesanpedro.com.ar\/sitio\/wp-json\/wp\/v2\/media\/39021"}],"wp:attachment":[{"href":"https:\/\/eldiariodesanpedro.com.ar\/sitio\/wp-json\/wp\/v2\/media?parent=39020"}],"wp:term":[{"taxonomy":"category","embeddable":true,"href":"https:\/\/eldiariodesanpedro.com.ar\/sitio\/wp-json\/wp\/v2\/categories?post=39020"},{"taxonomy":"post_tag","embeddable":true,"href":"https:\/\/eldiariodesanpedro.com.ar\/sitio\/wp-json\/wp\/v2\/tags?post=39020"}],"curies":[{"name":"wp","href":"https:\/\/api.w.org\/{rel}","templated":true}]}}