{"id":39015,"date":"2018-08-25T11:25:45","date_gmt":"2018-08-25T14:25:45","guid":{"rendered":"https:\/\/eldiariodesanpedro.com.ar\/sitio\/?p=39015"},"modified":"2018-08-25T11:25:45","modified_gmt":"2018-08-25T14:25:45","slug":"zarate-menor-de-edad-intento-robar-con-dos-cuchillas-y-un-pistolon-lo-detuvo-policia-local-de-zarate","status":"publish","type":"post","link":"https:\/\/eldiariodesanpedro.com.ar\/sitio\/zarate-menor-de-edad-intento-robar-con-dos-cuchillas-y-un-pistolon-lo-detuvo-policia-local-de-zarate\/","title":{"rendered":"ZARATE: Menor de edad intent\u00f3 robar con dos cuchillas y un pistol\u00f3n: lo detuvo Polic\u00eda Local de Z\u00e1rate"},"content":{"rendered":"<p><!-- VideographyWP Plugin Message: Automatic video embedding prevented by plugin options. --><br \/>\nEl viernes por la noche, el aviso de un vecino ayud\u00f3 a que efectivos de la Polic\u00eda Local de Z\u00e1rate puedan detener a un menor de edad armado. Seg\u00fan informaron fuentes policiales, el hecho tuvo lugar en Falucho y Soler cuando el sospechoso intent\u00f3 robarle mom con dos cuchillas y un pistol\u00f3n no apto para el disparo.<\/p>\n<p>El detenido tiene 17 a\u00f1os y vive a pocos metros del lugar de la detenci\u00f3n. Las armas incautadas quedaron a disposici\u00f3n de la justicia, que lo imput\u00f3 por robo agravado por el \u201cuso de arma\u201d.<\/p>\n<p>Interviene la UFI n\u00ba 1 Penal Juvenil de Z\u00e1rate \u2013 Campana.<\/p>\n<p><img decoding=\"async\" data-attachment-id=\"39016\" data-permalink=\"https:\/\/eldiariodesanpedro.com.ar\/sitio\/zarate-menor-de-edad-intento-robar-con-dos-cuchillas-y-un-pistolon-lo-detuvo-policia-local-de-zarate\/detencion-2-1\/\" data-orig-file=\"https:\/\/eldiariodesanpedro.com.ar\/sitio\/wp-content\/uploads\/2018\/08\/Detencion-2-1.jpg\" data-orig-size=\"658,400\" data-comments-opened=\"1\" data-image-meta=\"{&quot;aperture&quot;:&quot;0&quot;,&quot;credit&quot;:&quot;&quot;,&quot;camera&quot;:&quot;&quot;,&quot;caption&quot;:&quot;&quot;,&quot;created_timestamp&quot;:&quot;0&quot;,&quot;copyright&quot;:&quot;&quot;,&quot;focal_length&quot;:&quot;0&quot;,&quot;iso&quot;:&quot;0&quot;,&quot;shutter_speed&quot;:&quot;0&quot;,&quot;title&quot;:&quot;&quot;,&quot;orientation&quot;:&quot;0&quot;}\" data-image-title=\"Detencion-2-1\" data-image-description=\"\" data-image-caption=\"\" data-large-file=\"https:\/\/eldiariodesanpedro.com.ar\/sitio\/wp-content\/uploads\/2018\/08\/Detencion-2-1.jpg\" class=\"alignnone size-full wp-image-39016 lazyload\" data-src=\"https:\/\/eldiariodesanpedro.com.ar\/sitio\/wp-content\/uploads\/2018\/08\/Detencion-2-1.jpg\" alt=\"\" width=\"658\" height=\"400\" data-srcset=\"https:\/\/eldiariodesanpedro.com.ar\/sitio\/wp-content\/uploads\/2018\/08\/Detencion-2-1.jpg 658w, https:\/\/eldiariodesanpedro.com.ar\/sitio\/wp-content\/uploads\/2018\/08\/Detencion-2-1-300x182.jpg 300w\" data-sizes=\"(max-width: 658px) 100vw, 658px\" src=\"data:image\/svg+xml;base64,PHN2ZyB3aWR0aD0iMSIgaGVpZ2h0PSIxIiB4bWxucz0iaHR0cDovL3d3dy53My5vcmcvMjAwMC9zdmciPjwvc3ZnPg==\" style=\"--smush-placeholder-width: 658px; --smush-placeholder-aspect-ratio: 658\/400;\" \/><\/p>\n<p><img decoding=\"async\" data-attachment-id=\"39017\" data-permalink=\"https:\/\/eldiariodesanpedro.com.ar\/sitio\/zarate-menor-de-edad-intento-robar-con-dos-cuchillas-y-un-pistolon-lo-detuvo-policia-local-de-zarate\/detencion-3\/\" data-orig-file=\"https:\/\/eldiariodesanpedro.com.ar\/sitio\/wp-content\/uploads\/2018\/08\/Detencion-3.jpg\" data-orig-size=\"658,400\" data-comments-opened=\"1\" data-image-meta=\"{&quot;aperture&quot;:&quot;0&quot;,&quot;credit&quot;:&quot;&quot;,&quot;camera&quot;:&quot;&quot;,&quot;caption&quot;:&quot;&quot;,&quot;created_timestamp&quot;:&quot;0&quot;,&quot;copyright&quot;:&quot;&quot;,&quot;focal_length&quot;:&quot;0&quot;,&quot;iso&quot;:&quot;0&quot;,&quot;shutter_speed&quot;:&quot;0&quot;,&quot;title&quot;:&quot;&quot;,&quot;orientation&quot;:&quot;0&quot;}\" data-image-title=\"Detencion-3\" data-image-description=\"\" data-image-caption=\"\" data-large-file=\"https:\/\/eldiariodesanpedro.com.ar\/sitio\/wp-content\/uploads\/2018\/08\/Detencion-3.jpg\" class=\"alignnone size-large wp-image-39017 lazyload\" data-src=\"https:\/\/eldiariodesanpedro.com.ar\/sitio\/wp-content\/uploads\/2018\/08\/Detencion-3.jpg\" alt=\"\" width=\"658\" height=\"400\" data-srcset=\"https:\/\/eldiariodesanpedro.com.ar\/sitio\/wp-content\/uploads\/2018\/08\/Detencion-3.jpg 658w, https:\/\/eldiariodesanpedro.com.ar\/sitio\/wp-content\/uploads\/2018\/08\/Detencion-3-300x182.jpg 300w\" data-sizes=\"(max-width: 658px) 100vw, 658px\" src=\"data:image\/svg+xml;base64,PHN2ZyB3aWR0aD0iMSIgaGVpZ2h0PSIxIiB4bWxucz0iaHR0cDovL3d3dy53My5vcmcvMjAwMC9zdmciPjwvc3ZnPg==\" style=\"--smush-placeholder-width: 658px; --smush-placeholder-aspect-ratio: 658\/400;\" \/><\/p>\n<p>Fuente: Enlace Critico<\/p>\n","protected":false},"excerpt":{"rendered":"<p>El viernes por la noche, el aviso de un vecino ayud\u00f3 a que efectivos de la Polic\u00eda Local de Z\u00e1rate puedan detener a un menor de edad armado. Seg\u00fan informaron fuentes policiales, el hecho tuvo lugar en Falucho y Soler cuando el sospechoso intent\u00f3 robarle mom con dos cuchillas y un pistol\u00f3n no apto para [&hellip;]<\/p>\n","protected":false},"author":4,"featured_media":39017,"comment_status":"open","ping_status":"closed","sticky":false,"template":"","format":"standard","meta":{"om_disable_all_campaigns":false,"_jetpack_memberships_contains_paid_content":false,"footnotes":""},"categories":[621],"tags":[],"class_list":["post-39015","post","type-post","status-publish","format-standard","has-post-thumbnail","hentry","category-regionales"],"aioseo_notices":[],"gutentor_comment":0,"jetpack_featured_media_url":"https:\/\/eldiariodesanpedro.com.ar\/sitio\/wp-content\/uploads\/2018\/08\/Detencion-3.jpg","jetpack_shortlink":"https:\/\/wp.me\/p6RhLt-a9h","jetpack_sharing_enabled":true,"_links":{"self":[{"href":"https:\/\/eldiariodesanpedro.com.ar\/sitio\/wp-json\/wp\/v2\/posts\/39015","targetHints":{"allow":["GET"]}}],"collection":[{"href":"https:\/\/eldiariodesanpedro.com.ar\/sitio\/wp-json\/wp\/v2\/posts"}],"about":[{"href":"https:\/\/eldiariodesanpedro.com.ar\/sitio\/wp-json\/wp\/v2\/types\/post"}],"author":[{"embeddable":true,"href":"https:\/\/eldiariodesanpedro.com.ar\/sitio\/wp-json\/wp\/v2\/users\/4"}],"replies":[{"embeddable":true,"href":"https:\/\/eldiariodesanpedro.com.ar\/sitio\/wp-json\/wp\/v2\/comments?post=39015"}],"version-history":[{"count":1,"href":"https:\/\/eldiariodesanpedro.com.ar\/sitio\/wp-json\/wp\/v2\/posts\/39015\/revisions"}],"predecessor-version":[{"id":39018,"href":"https:\/\/eldiariodesanpedro.com.ar\/sitio\/wp-json\/wp\/v2\/posts\/39015\/revisions\/39018"}],"wp:featuredmedia":[{"embeddable":true,"href":"https:\/\/eldiariodesanpedro.com.ar\/sitio\/wp-json\/wp\/v2\/media\/39017"}],"wp:attachment":[{"href":"https:\/\/eldiariodesanpedro.com.ar\/sitio\/wp-json\/wp\/v2\/media?parent=39015"}],"wp:term":[{"taxonomy":"category","embeddable":true,"href":"https:\/\/eldiariodesanpedro.com.ar\/sitio\/wp-json\/wp\/v2\/categories?post=39015"},{"taxonomy":"post_tag","embeddable":true,"href":"https:\/\/eldiariodesanpedro.com.ar\/sitio\/wp-json\/wp\/v2\/tags?post=39015"}],"curies":[{"name":"wp","href":"https:\/\/api.w.org\/{rel}","templated":true}]}}