{"id":39007,"date":"2018-08-25T11:05:57","date_gmt":"2018-08-25T14:05:57","guid":{"rendered":"https:\/\/eldiariodesanpedro.com.ar\/sitio\/?p=39007"},"modified":"2018-08-25T11:05:57","modified_gmt":"2018-08-25T14:05:57","slug":"baradero-jimena-baron-es-la-elegida-para-defender-el-sueno-del-gad-en-el-bailando-2018","status":"publish","type":"post","link":"https:\/\/eldiariodesanpedro.com.ar\/sitio\/baradero-jimena-baron-es-la-elegida-para-defender-el-sueno-del-gad-en-el-bailando-2018\/","title":{"rendered":"BARADERO: Jimena Bar\u00f3n es la elegida para defender el sue\u00f1o del GAD en el \u201cBailando 2018\u201d"},"content":{"rendered":"<p><!-- VideographyWP Plugin Message: Automatic video embedding prevented by plugin options. --><br \/>\nLa actriz y cantante, Jimena Bar\u00f3n ha sido la seleccionada para ser la representante del sue\u00f1o del GAD (Grupo Amigo del Discapacitado) en la edici\u00f3n del \u201cBailando 2018\u201d que comenzar\u00e1 en el mes de septiembre.<\/p>\n<p>La incertidumbre sobre qu\u00e9 famosa o famoso representar\u00eda a nuestra querida instituci\u00f3n se mantuvo hasta hoy en horas de la tarde cuando el mism\u00edsimo Marcelo Tinelli, a trav\u00e9s de su cuenta oficial de Facebook, dio a conocer que la creadora del hit musical \u201cLa Tonta\u201d sea quien luche por el sue\u00f1o del GAD en la pista del \u201cBailando 2018\u201d.<\/p>\n<p><img decoding=\"async\" data-attachment-id=\"39008\" data-permalink=\"https:\/\/eldiariodesanpedro.com.ar\/sitio\/baradero-jimena-baron-es-la-elegida-para-defender-el-sueno-del-gad-en-el-bailando-2018\/confirmacion-tinelli\/\" data-orig-file=\"https:\/\/eldiariodesanpedro.com.ar\/sitio\/wp-content\/uploads\/2018\/08\/Confirmacion-Tinelli.jpg\" data-orig-size=\"496,476\" data-comments-opened=\"1\" data-image-meta=\"{&quot;aperture&quot;:&quot;0&quot;,&quot;credit&quot;:&quot;&quot;,&quot;camera&quot;:&quot;&quot;,&quot;caption&quot;:&quot;&quot;,&quot;created_timestamp&quot;:&quot;0&quot;,&quot;copyright&quot;:&quot;&quot;,&quot;focal_length&quot;:&quot;0&quot;,&quot;iso&quot;:&quot;0&quot;,&quot;shutter_speed&quot;:&quot;0&quot;,&quot;title&quot;:&quot;&quot;,&quot;orientation&quot;:&quot;0&quot;}\" data-image-title=\"Confirmacion-Tinelli\" data-image-description=\"\" data-image-caption=\"\" data-large-file=\"https:\/\/eldiariodesanpedro.com.ar\/sitio\/wp-content\/uploads\/2018\/08\/Confirmacion-Tinelli.jpg\" class=\"alignnone size-full wp-image-39008 lazyload\" data-src=\"https:\/\/eldiariodesanpedro.com.ar\/sitio\/wp-content\/uploads\/2018\/08\/Confirmacion-Tinelli.jpg\" alt=\"\" width=\"496\" height=\"476\" data-srcset=\"https:\/\/eldiariodesanpedro.com.ar\/sitio\/wp-content\/uploads\/2018\/08\/Confirmacion-Tinelli.jpg 496w, https:\/\/eldiariodesanpedro.com.ar\/sitio\/wp-content\/uploads\/2018\/08\/Confirmacion-Tinelli-300x288.jpg 300w\" data-sizes=\"(max-width: 496px) 100vw, 496px\" src=\"data:image\/svg+xml;base64,PHN2ZyB3aWR0aD0iMSIgaGVpZ2h0PSIxIiB4bWxucz0iaHR0cDovL3d3dy53My5vcmcvMjAwMC9zdmciPjwvc3ZnPg==\" style=\"--smush-placeholder-width: 496px; --smush-placeholder-aspect-ratio: 496\/476;\" \/><\/p>\n<p>Fuente: Baradero Hoy &#8211; El Diario Digital de la Ciudad<\/p>\n","protected":false},"excerpt":{"rendered":"<p>La actriz y cantante, Jimena Bar\u00f3n ha sido la seleccionada para ser la representante del sue\u00f1o del GAD (Grupo Amigo del Discapacitado) en la edici\u00f3n del \u201cBailando 2018\u201d que comenzar\u00e1 en el mes de septiembre. La incertidumbre sobre qu\u00e9 famosa o famoso representar\u00eda a nuestra querida instituci\u00f3n se mantuvo hasta hoy en horas de la [&hellip;]<\/p>\n","protected":false},"author":4,"featured_media":39009,"comment_status":"open","ping_status":"closed","sticky":false,"template":"","format":"standard","meta":{"om_disable_all_campaigns":false,"_jetpack_memberships_contains_paid_content":false,"footnotes":""},"categories":[621],"tags":[],"class_list":["post-39007","post","type-post","status-publish","format-standard","has-post-thumbnail","hentry","category-regionales"],"aioseo_notices":[],"gutentor_comment":0,"jetpack_featured_media_url":"https:\/\/eldiariodesanpedro.com.ar\/sitio\/wp-content\/uploads\/2018\/08\/Jimena-Baron.jpg","jetpack_shortlink":"https:\/\/wp.me\/p6RhLt-a99","jetpack_sharing_enabled":true,"_links":{"self":[{"href":"https:\/\/eldiariodesanpedro.com.ar\/sitio\/wp-json\/wp\/v2\/posts\/39007","targetHints":{"allow":["GET"]}}],"collection":[{"href":"https:\/\/eldiariodesanpedro.com.ar\/sitio\/wp-json\/wp\/v2\/posts"}],"about":[{"href":"https:\/\/eldiariodesanpedro.com.ar\/sitio\/wp-json\/wp\/v2\/types\/post"}],"author":[{"embeddable":true,"href":"https:\/\/eldiariodesanpedro.com.ar\/sitio\/wp-json\/wp\/v2\/users\/4"}],"replies":[{"embeddable":true,"href":"https:\/\/eldiariodesanpedro.com.ar\/sitio\/wp-json\/wp\/v2\/comments?post=39007"}],"version-history":[{"count":1,"href":"https:\/\/eldiariodesanpedro.com.ar\/sitio\/wp-json\/wp\/v2\/posts\/39007\/revisions"}],"predecessor-version":[{"id":39010,"href":"https:\/\/eldiariodesanpedro.com.ar\/sitio\/wp-json\/wp\/v2\/posts\/39007\/revisions\/39010"}],"wp:featuredmedia":[{"embeddable":true,"href":"https:\/\/eldiariodesanpedro.com.ar\/sitio\/wp-json\/wp\/v2\/media\/39009"}],"wp:attachment":[{"href":"https:\/\/eldiariodesanpedro.com.ar\/sitio\/wp-json\/wp\/v2\/media?parent=39007"}],"wp:term":[{"taxonomy":"category","embeddable":true,"href":"https:\/\/eldiariodesanpedro.com.ar\/sitio\/wp-json\/wp\/v2\/categories?post=39007"},{"taxonomy":"post_tag","embeddable":true,"href":"https:\/\/eldiariodesanpedro.com.ar\/sitio\/wp-json\/wp\/v2\/tags?post=39007"}],"curies":[{"name":"wp","href":"https:\/\/api.w.org\/{rel}","templated":true}]}}