{"id":39005,"date":"2018-08-25T10:48:41","date_gmt":"2018-08-25T13:48:41","guid":{"rendered":"https:\/\/eldiariodesanpedro.com.ar\/sitio\/?p=39005"},"modified":"2018-08-25T10:48:41","modified_gmt":"2018-08-25T13:48:41","slug":"accidente-una-motocicleta-colisiono-con-una-bici-conducida-por-un-menor-de-edad","status":"publish","type":"post","link":"https:\/\/eldiariodesanpedro.com.ar\/sitio\/accidente-una-motocicleta-colisiono-con-una-bici-conducida-por-un-menor-de-edad\/","title":{"rendered":"Accidente: una motocicleta colision\u00f3 con una bici conducida por un menor de edad"},"content":{"rendered":"<p><!-- VideographyWP Plugin Message: Automatic video embedding prevented by plugin options. --><br \/>\nEl viernes por la tarde, personal policial junto con personal de inspecci\u00f3n, intervienen en un accidente de tr\u00e1nsito, en intersecci\u00f3n de las calles Salta e Italia, donde por causas que se tratasen de establecer, colisiona una motocicleta 150 cc conducida por un ciudadano de 30 a\u00f1os de edad, con una  bicicleta conducida por un ni\u00f1o de 14.<\/p>\n<p>Como consecuencias el menor es trasladado hasta el nosocomio local, donde el medico de guardia dictamina lesiones de car\u00e1cter leves, excoriaciones en brazo y pierna izquierda; el conductor de la motocicleta resulta ileso.<\/p>\n","protected":false},"excerpt":{"rendered":"<p>El viernes por la tarde, personal policial junto con personal de inspecci\u00f3n, intervienen en un accidente de tr\u00e1nsito, en intersecci\u00f3n de las calles Salta e Italia, donde por causas que se tratasen de establecer, colisiona una motocicleta 150 cc conducida por un ciudadano de 30 a\u00f1os de edad, con una bicicleta conducida por un ni\u00f1o [&hellip;]<\/p>\n","protected":false},"author":4,"featured_media":27202,"comment_status":"open","ping_status":"closed","sticky":false,"template":"","format":"standard","meta":{"om_disable_all_campaigns":false,"_jetpack_memberships_contains_paid_content":false,"footnotes":""},"categories":[2,103],"tags":[],"class_list":["post-39005","post","type-post","status-publish","format-standard","has-post-thumbnail","hentry","category-locales","category-policiales-locales"],"aioseo_notices":[],"gutentor_comment":0,"jetpack_featured_media_url":"https:\/\/eldiariodesanpedro.com.ar\/sitio\/wp-content\/uploads\/2017\/12\/ambulancia-same-provincia.jpg","jetpack_shortlink":"https:\/\/wp.me\/p6RhLt-a97","jetpack_sharing_enabled":true,"_links":{"self":[{"href":"https:\/\/eldiariodesanpedro.com.ar\/sitio\/wp-json\/wp\/v2\/posts\/39005","targetHints":{"allow":["GET"]}}],"collection":[{"href":"https:\/\/eldiariodesanpedro.com.ar\/sitio\/wp-json\/wp\/v2\/posts"}],"about":[{"href":"https:\/\/eldiariodesanpedro.com.ar\/sitio\/wp-json\/wp\/v2\/types\/post"}],"author":[{"embeddable":true,"href":"https:\/\/eldiariodesanpedro.com.ar\/sitio\/wp-json\/wp\/v2\/users\/4"}],"replies":[{"embeddable":true,"href":"https:\/\/eldiariodesanpedro.com.ar\/sitio\/wp-json\/wp\/v2\/comments?post=39005"}],"version-history":[{"count":1,"href":"https:\/\/eldiariodesanpedro.com.ar\/sitio\/wp-json\/wp\/v2\/posts\/39005\/revisions"}],"predecessor-version":[{"id":39006,"href":"https:\/\/eldiariodesanpedro.com.ar\/sitio\/wp-json\/wp\/v2\/posts\/39005\/revisions\/39006"}],"wp:featuredmedia":[{"embeddable":true,"href":"https:\/\/eldiariodesanpedro.com.ar\/sitio\/wp-json\/wp\/v2\/media\/27202"}],"wp:attachment":[{"href":"https:\/\/eldiariodesanpedro.com.ar\/sitio\/wp-json\/wp\/v2\/media?parent=39005"}],"wp:term":[{"taxonomy":"category","embeddable":true,"href":"https:\/\/eldiariodesanpedro.com.ar\/sitio\/wp-json\/wp\/v2\/categories?post=39005"},{"taxonomy":"post_tag","embeddable":true,"href":"https:\/\/eldiariodesanpedro.com.ar\/sitio\/wp-json\/wp\/v2\/tags?post=39005"}],"curies":[{"name":"wp","href":"https:\/\/api.w.org\/{rel}","templated":true}]}}