{"id":38994,"date":"2018-08-25T10:12:27","date_gmt":"2018-08-25T13:12:27","guid":{"rendered":"https:\/\/eldiariodesanpedro.com.ar\/sitio\/?p=38994"},"modified":"2018-08-25T10:15:13","modified_gmt":"2018-08-25T13:15:13","slug":"vecinos-cansados-de-dos-mujeres-psiquiatricas-cortaron-la-calle-y-encendieron-fuego-neumaticos","status":"publish","type":"post","link":"https:\/\/eldiariodesanpedro.com.ar\/sitio\/vecinos-cansados-de-dos-mujeres-psiquiatricas-cortaron-la-calle-y-encendieron-fuego-neumaticos\/","title":{"rendered":"Vecinos cansados de dos mujeres \u00abpsiqui\u00e1tricas\u00bb, cortaron  la calle y encendieron fuego neum\u00e1ticos"},"content":{"rendered":"<p><!-- VideographyWP Plugin Message: Automatic video embedding prevented by plugin options. --><br \/>\nEl hecho ocurri\u00f3, este viernes por la noche, cuando un grupo de vecinos que viven en calle Casella, entre Miguel Porta y Bottaro, se organizaron para incendiar cubiertas frente a la casa de una ciudadana mayor de edad, que convive\u00a0 junto a su hija tambi\u00e9n mayor de edad, quienes, seg\u00fan testimonios de los mismos,\u00a0 agreden constantemente gritando cosas obscenas, amenazando, tirando piedras y hasta los han corrido\u00a0 con\u00a0 cuchillos. Los vecinos aseguran que son enfermas\u00a0\u00a0\u00abpsiqui\u00e1tricas\u00bb.<\/p>\n<p>Esta situaci\u00f3n se gener\u00f3 a ra\u00edz de que hace m\u00e1s de un a\u00f1o, han estado radicando denuncias por las agresiones de las mujeres y efectivos policiales han estado llegando al lugar en reiteradas veces, calmando la situaci\u00f3n,\u00a0 pero luego volv\u00eda a ocurrir a los d\u00edas.<\/p>\n<p>Lo cierto es que este viernes, todos los vecinos en com\u00fan acuerdo, cortaron la calle y tiraron neum\u00e1ticos frente a la vivienda de las agresoras y comenzaron a\u00a0 incendiarlas ; todos aplaud\u00edan y gritaban \u00abque se vayan\u00bb.<\/p>\n<p>Una\u00a0 de las vecinas nos contaba que \u00absomos todas personas trabajadores que tenemos que lidiar todos los d\u00edas con estas dos locas, salis a la vereda y si no te tira con algo, te insulta, a mi hijo mas grande lo corri\u00f3 con un cuchillo, todo el tiempo nos acusa de delincuentes, a nuestro vecino de la farmacia de vender drogas, a la familia de enfrente que tiene carnicer\u00eda de ser cuatreros, la hija a mostrado sus partes \u00edntimas en el medio de la vereda, queremos que se vayan del barrio\u00bb y agregaba \u00abfuimos a la comisar\u00eda millones de veces, cansados de denunciarlas, mi marido se levant\u00f3 hoy temprano para ir a laburar y le tiro con un ladrillo por la cabeza, tenemos miedos por nuestros chicos que por ah\u00ed caminan por la vereda y los amenaza o les tira con algo\u00bb.<\/p>\n<p>Personal policial se comision\u00f3 hasta el lugar para intentar mediar entre ambas partes.<\/p>\n<p><iframe style=\"border: none; overflow: hidden;\" data-src=\"https:\/\/www.facebook.com\/plugins\/video.php?href=https%3A%2F%2Fwww.facebook.com%2Feldiario.desanpedro%2Fvideos%2F708941019440540%2F&amp;show_text=0&amp;width=560\" width=\"560\" height=\"315\" frameborder=\"0\" scrolling=\"no\" allowfullscreen=\"allowfullscreen\" src=\"data:image\/svg+xml;base64,PHN2ZyB3aWR0aD0iMSIgaGVpZ2h0PSIxIiB4bWxucz0iaHR0cDovL3d3dy53My5vcmcvMjAwMC9zdmciPjwvc3ZnPg==\" class=\"lazyload\" data-load-mode=\"1\"><\/iframe><\/p>\n","protected":false},"excerpt":{"rendered":"<p>El hecho ocurri\u00f3, este viernes por la noche, cuando un grupo de vecinos que viven en calle Casella, entre Miguel Porta y Bottaro, se organizaron para incendiar cubiertas frente a la casa de una ciudadana mayor de edad, que convive\u00a0 junto a su hija tambi\u00e9n mayor de edad, quienes, seg\u00fan testimonios de los mismos,\u00a0 agreden [&hellip;]<\/p>\n","protected":false},"author":4,"featured_media":38997,"comment_status":"open","ping_status":"closed","sticky":false,"template":"","format":"standard","meta":{"om_disable_all_campaigns":false,"_jetpack_memberships_contains_paid_content":false,"footnotes":""},"categories":[50,2,103],"tags":[],"class_list":["post-38994","post","type-post","status-publish","format-standard","has-post-thumbnail","hentry","category-destacadas","category-locales","category-policiales-locales"],"aioseo_notices":[],"gutentor_comment":0,"jetpack_featured_media_url":"https:\/\/eldiariodesanpedro.com.ar\/sitio\/wp-content\/uploads\/2018\/08\/WhatsApp-Image-2018-08-24-at-21.16.37.jpeg","jetpack_shortlink":"https:\/\/wp.me\/p6RhLt-a8W","jetpack_sharing_enabled":true,"_links":{"self":[{"href":"https:\/\/eldiariodesanpedro.com.ar\/sitio\/wp-json\/wp\/v2\/posts\/38994","targetHints":{"allow":["GET"]}}],"collection":[{"href":"https:\/\/eldiariodesanpedro.com.ar\/sitio\/wp-json\/wp\/v2\/posts"}],"about":[{"href":"https:\/\/eldiariodesanpedro.com.ar\/sitio\/wp-json\/wp\/v2\/types\/post"}],"author":[{"embeddable":true,"href":"https:\/\/eldiariodesanpedro.com.ar\/sitio\/wp-json\/wp\/v2\/users\/4"}],"replies":[{"embeddable":true,"href":"https:\/\/eldiariodesanpedro.com.ar\/sitio\/wp-json\/wp\/v2\/comments?post=38994"}],"version-history":[{"count":1,"href":"https:\/\/eldiariodesanpedro.com.ar\/sitio\/wp-json\/wp\/v2\/posts\/38994\/revisions"}],"predecessor-version":[{"id":39000,"href":"https:\/\/eldiariodesanpedro.com.ar\/sitio\/wp-json\/wp\/v2\/posts\/38994\/revisions\/39000"}],"wp:featuredmedia":[{"embeddable":true,"href":"https:\/\/eldiariodesanpedro.com.ar\/sitio\/wp-json\/wp\/v2\/media\/38997"}],"wp:attachment":[{"href":"https:\/\/eldiariodesanpedro.com.ar\/sitio\/wp-json\/wp\/v2\/media?parent=38994"}],"wp:term":[{"taxonomy":"category","embeddable":true,"href":"https:\/\/eldiariodesanpedro.com.ar\/sitio\/wp-json\/wp\/v2\/categories?post=38994"},{"taxonomy":"post_tag","embeddable":true,"href":"https:\/\/eldiariodesanpedro.com.ar\/sitio\/wp-json\/wp\/v2\/tags?post=38994"}],"curies":[{"name":"wp","href":"https:\/\/api.w.org\/{rel}","templated":true}]}}