{"id":38989,"date":"2018-08-25T09:14:28","date_gmt":"2018-08-25T12:14:28","guid":{"rendered":"https:\/\/eldiariodesanpedro.com.ar\/sitio\/?p=38989"},"modified":"2018-08-25T09:14:28","modified_gmt":"2018-08-25T12:14:28","slug":"se-secuestraron-dos-motos-con-pedido-de-captura-activo-por-el-delito-de-hurto","status":"publish","type":"post","link":"https:\/\/eldiariodesanpedro.com.ar\/sitio\/se-secuestraron-dos-motos-con-pedido-de-captura-activo-por-el-delito-de-hurto\/","title":{"rendered":"Se secuestraron dos motos con pedido de captura activo por el delito de hurto"},"content":{"rendered":"<p><!-- VideographyWP Plugin Message: Automatic video embedding prevented by plugin options. --><br \/>\nEste viernes, en un marco de operativo vehicular, se procedi\u00f3 al secuestro de dos motocicletas que pose\u00edan pedido de captura activo. Sus conductores fueron notificados por actuaciones caratuladas como \u00abencubrimiento &#8211; hurto\u00bb.<\/p>\n<p>Una de ellas fue sobre calle 25 de mayo y Bvard. Moreno, donde se identific\u00f3 y traslado a una joven de 20 a\u00f1os de edad, quien circulaba a bordo de una motocicleta Zanella 110 cc, la cual registra pedido de secuestro activo, con fecha de alta el 18 de Febrero de 2018, por el delito de hurto solicitado por UFI N\u00b05; la misma que instantes antes, colisionaba con un autom\u00f3vil conducido por otra ciudadana mayor de edad, sin lesionados. Mantenida comunicaci\u00f3n con la Fiscal\u00eda, dispone secuestro del rodado menor y para con la conductora, notificaci\u00f3n de la causa mencionada.<\/p>\n<p>Luego, personal policial de R\u00edo Tala, procede al secuestro en acceso a Papel Prensa y Ruta 1001, de una motocicleta Gilera 110 cc, la cual posee secuestro activo por el delito de hurto, con fecha de alta el 23 de Febrero de 2018, a pedido de la Fiscal\u00eda N\u00b05 de San Pedro, conducida por un joven de 18.<\/p>\n<p><img decoding=\"async\" data-attachment-id=\"38992\" data-permalink=\"https:\/\/eldiariodesanpedro.com.ar\/sitio\/se-secuestraron-dos-motos-con-pedido-de-captura-activo-por-el-delito-de-hurto\/20180824_183002-2\/\" data-orig-file=\"https:\/\/eldiariodesanpedro.com.ar\/sitio\/wp-content\/uploads\/2018\/08\/20180824_183002-1.jpg\" data-orig-size=\"660,321\" data-comments-opened=\"1\" data-image-meta=\"{&quot;aperture&quot;:&quot;1.7&quot;,&quot;credit&quot;:&quot;&quot;,&quot;camera&quot;:&quot;SM-N950F&quot;,&quot;caption&quot;:&quot;&quot;,&quot;created_timestamp&quot;:&quot;1535135402&quot;,&quot;copyright&quot;:&quot;&quot;,&quot;focal_length&quot;:&quot;4.3&quot;,&quot;iso&quot;:&quot;200&quot;,&quot;shutter_speed&quot;:&quot;0.02&quot;,&quot;title&quot;:&quot;&quot;,&quot;orientation&quot;:&quot;1&quot;}\" data-image-title=\"20180824_183002\" data-image-description=\"\" data-image-caption=\"\" data-large-file=\"https:\/\/eldiariodesanpedro.com.ar\/sitio\/wp-content\/uploads\/2018\/08\/20180824_183002-1.jpg\" class=\"alignnone size-full wp-image-38992 lazyload\" data-src=\"https:\/\/eldiariodesanpedro.com.ar\/sitio\/wp-content\/uploads\/2018\/08\/20180824_183002-1.jpg\" alt=\"\" width=\"660\" height=\"321\" data-srcset=\"https:\/\/eldiariodesanpedro.com.ar\/sitio\/wp-content\/uploads\/2018\/08\/20180824_183002-1.jpg 660w, https:\/\/eldiariodesanpedro.com.ar\/sitio\/wp-content\/uploads\/2018\/08\/20180824_183002-1-300x146.jpg 300w\" data-sizes=\"(max-width: 660px) 100vw, 660px\" src=\"data:image\/svg+xml;base64,PHN2ZyB3aWR0aD0iMSIgaGVpZ2h0PSIxIiB4bWxucz0iaHR0cDovL3d3dy53My5vcmcvMjAwMC9zdmciPjwvc3ZnPg==\" style=\"--smush-placeholder-width: 660px; --smush-placeholder-aspect-ratio: 660\/321;\" \/><\/p>\n<p><img decoding=\"async\" data-attachment-id=\"38990\" data-permalink=\"https:\/\/eldiariodesanpedro.com.ar\/sitio\/se-secuestraron-dos-motos-con-pedido-de-captura-activo-por-el-delito-de-hurto\/whatsapp-image-2018-08-25-at-08-56-50\/\" data-orig-file=\"https:\/\/eldiariodesanpedro.com.ar\/sitio\/wp-content\/uploads\/2018\/08\/WhatsApp-Image-2018-08-25-at-08.56.50.jpeg\" data-orig-size=\"1032,581\" data-comments-opened=\"1\" data-image-meta=\"{&quot;aperture&quot;:&quot;0&quot;,&quot;credit&quot;:&quot;&quot;,&quot;camera&quot;:&quot;&quot;,&quot;caption&quot;:&quot;&quot;,&quot;created_timestamp&quot;:&quot;0&quot;,&quot;copyright&quot;:&quot;&quot;,&quot;focal_length&quot;:&quot;0&quot;,&quot;iso&quot;:&quot;0&quot;,&quot;shutter_speed&quot;:&quot;0&quot;,&quot;title&quot;:&quot;&quot;,&quot;orientation&quot;:&quot;0&quot;}\" data-image-title=\"WhatsApp Image 2018-08-25 at 08.56.50\" data-image-description=\"\" data-image-caption=\"\" data-large-file=\"https:\/\/eldiariodesanpedro.com.ar\/sitio\/wp-content\/uploads\/2018\/08\/WhatsApp-Image-2018-08-25-at-08.56.50-1024x576.jpeg\" class=\"alignnone size-large wp-image-38990 lazyload\" data-src=\"https:\/\/eldiariodesanpedro.com.ar\/sitio\/wp-content\/uploads\/2018\/08\/WhatsApp-Image-2018-08-25-at-08.56.50-1024x576.jpeg\" alt=\"\" width=\"660\" height=\"371\" data-srcset=\"https:\/\/eldiariodesanpedro.com.ar\/sitio\/wp-content\/uploads\/2018\/08\/WhatsApp-Image-2018-08-25-at-08.56.50-1024x576.jpeg 1024w, https:\/\/eldiariodesanpedro.com.ar\/sitio\/wp-content\/uploads\/2018\/08\/WhatsApp-Image-2018-08-25-at-08.56.50-300x169.jpeg 300w, https:\/\/eldiariodesanpedro.com.ar\/sitio\/wp-content\/uploads\/2018\/08\/WhatsApp-Image-2018-08-25-at-08.56.50-768x432.jpeg 768w, https:\/\/eldiariodesanpedro.com.ar\/sitio\/wp-content\/uploads\/2018\/08\/WhatsApp-Image-2018-08-25-at-08.56.50.jpeg 1032w\" data-sizes=\"(max-width: 660px) 100vw, 660px\" src=\"data:image\/svg+xml;base64,PHN2ZyB3aWR0aD0iMSIgaGVpZ2h0PSIxIiB4bWxucz0iaHR0cDovL3d3dy53My5vcmcvMjAwMC9zdmciPjwvc3ZnPg==\" style=\"--smush-placeholder-width: 660px; --smush-placeholder-aspect-ratio: 660\/371;\" \/><\/p>\n<p>&nbsp;<\/p>\n","protected":false},"excerpt":{"rendered":"<p>Este viernes, en un marco de operativo vehicular, se procedi\u00f3 al secuestro de dos motocicletas que pose\u00edan pedido de captura activo. Sus conductores fueron notificados por actuaciones caratuladas como \u00abencubrimiento &#8211; hurto\u00bb. Una de ellas fue sobre calle 25 de mayo y Bvard. Moreno, donde se identific\u00f3 y traslado a una joven de 20 a\u00f1os [&hellip;]<\/p>\n","protected":false},"author":4,"featured_media":24562,"comment_status":"open","ping_status":"closed","sticky":false,"template":"","format":"standard","meta":{"om_disable_all_campaigns":false,"_jetpack_memberships_contains_paid_content":false,"footnotes":""},"categories":[2,103],"tags":[],"class_list":["post-38989","post","type-post","status-publish","format-standard","has-post-thumbnail","hentry","category-locales","category-policiales-locales"],"aioseo_notices":[],"gutentor_comment":0,"jetpack_featured_media_url":"https:\/\/eldiariodesanpedro.com.ar\/sitio\/wp-content\/uploads\/2017\/10\/policia-patrulla-noche.jpg","jetpack_shortlink":"https:\/\/wp.me\/p6RhLt-a8R","jetpack_sharing_enabled":true,"_links":{"self":[{"href":"https:\/\/eldiariodesanpedro.com.ar\/sitio\/wp-json\/wp\/v2\/posts\/38989","targetHints":{"allow":["GET"]}}],"collection":[{"href":"https:\/\/eldiariodesanpedro.com.ar\/sitio\/wp-json\/wp\/v2\/posts"}],"about":[{"href":"https:\/\/eldiariodesanpedro.com.ar\/sitio\/wp-json\/wp\/v2\/types\/post"}],"author":[{"embeddable":true,"href":"https:\/\/eldiariodesanpedro.com.ar\/sitio\/wp-json\/wp\/v2\/users\/4"}],"replies":[{"embeddable":true,"href":"https:\/\/eldiariodesanpedro.com.ar\/sitio\/wp-json\/wp\/v2\/comments?post=38989"}],"version-history":[{"count":1,"href":"https:\/\/eldiariodesanpedro.com.ar\/sitio\/wp-json\/wp\/v2\/posts\/38989\/revisions"}],"predecessor-version":[{"id":38993,"href":"https:\/\/eldiariodesanpedro.com.ar\/sitio\/wp-json\/wp\/v2\/posts\/38989\/revisions\/38993"}],"wp:featuredmedia":[{"embeddable":true,"href":"https:\/\/eldiariodesanpedro.com.ar\/sitio\/wp-json\/wp\/v2\/media\/24562"}],"wp:attachment":[{"href":"https:\/\/eldiariodesanpedro.com.ar\/sitio\/wp-json\/wp\/v2\/media?parent=38989"}],"wp:term":[{"taxonomy":"category","embeddable":true,"href":"https:\/\/eldiariodesanpedro.com.ar\/sitio\/wp-json\/wp\/v2\/categories?post=38989"},{"taxonomy":"post_tag","embeddable":true,"href":"https:\/\/eldiariodesanpedro.com.ar\/sitio\/wp-json\/wp\/v2\/tags?post=38989"}],"curies":[{"name":"wp","href":"https:\/\/api.w.org\/{rel}","templated":true}]}}