{"id":38982,"date":"2018-08-24T20:55:27","date_gmt":"2018-08-24T23:55:27","guid":{"rendered":"https:\/\/eldiariodesanpedro.com.ar\/sitio\/?p=38982"},"modified":"2026-01-24T00:11:10","modified_gmt":"2026-01-24T03:11:10","slug":"futbol-local-hoy-la-esperanza-banfield-y-manana-el-clasico-c-cordoba-gral-san-martin-en-santa-lucia","status":"publish","type":"post","link":"https:\/\/eldiariodesanpedro.com.ar\/sitio\/futbol-local-hoy-la-esperanza-banfield-y-manana-el-clasico-c-cordoba-gral-san-martin-en-santa-lucia\/","title":{"rendered":"F\u00daTBOL LOCAL: Hoy La Esperanza-Banfield y ma\u00f1ana el cl\u00e1sico C. C\u00f3rdoba &#8211; Gral. San Mart\u00edn en Santa Luc\u00eda"},"content":{"rendered":"<p><!-- VideographyWP Plugin Message: Automatic video embedding prevented by plugin options. --><br \/>\n  Con siete partidos se completa la fecha 3 del torneo Clausura, teniendo en cuenta que ya Fundici\u00f3n le gan\u00f3 a Portela y Mitre-Las Palmeras fue empate. <\/p>\n<p><strong>Zona A<\/strong><br \/>\nParan\u00e1 FC vs. Agricultores Club (domingo 26 de agosto)<br \/>\n(Quinta: 10:30\/Cuarta: 11:45\/Tercera: 13:00\/Sub 21: 14:30\/Primera: 16:15)<br \/>\nSportivo vs. Am\u00e9rica (domingo 26 de agosto)<br \/>\n(Quinta: 11:00\/Cuarta: 12:15\/Tercera: 13:30\/Sub 21: 15:00\/Primera: 16:45)<br \/>\nLa Esperanza vs. Banfield (s\u00e1bado 25 de agosto)<br \/>\n(Primera: 15:30)<\/p>\n<p><strong>Zona B<\/strong><br \/>\nDep. Alsina vs. Rivadavia (domingo 19 de agosto)<br \/>\n(Quinta: 10:30\/Cuarta: 11:45\/Tercera: 13:00\/Sub 21: 14:30\/Primera: 16:15)<br \/>\nAtl\u00e9tico vs. Independencia FC (domingo 26 de agosto)<br \/>\n(Quinta: 10:00\/Cuarta: 11:15\/Tercera: 12:30\/Sub 21: 14:00\/Primera: 15:45)<br \/>\nDef. Unidos vs. San Roque FC (domingo 26 de agosto)<br \/>\n(Quinta: 10:00\/Cuarta: 11:15\/Tercera: 12:30\/Sub 21: 14:00\/Primera: 15:45)<\/p>\n<p><strong>Interzonal<\/strong><br \/>\nCentral C\u00f3rdoba vs. Gral. San Mart\u00edn (domingo 26 de agosto)<br \/>\n(Quinta: 10:30\/Cuarta: 11:45\/Tercera: 13:00\/Sub 21: 14:30\/Primera: 16:15)<\/p>\n<p><strong>F\u00daTBOL INFANTIL<\/strong><br \/>\nSegunda fecha, Torneo Clausura<br \/>\n<em>12:00 horas<\/em><br \/>\nAgricultores Club vs. Defensores Unidos<br \/>\nSportivo vs. Atl\u00e9tico<\/p>\n<p><em>12:30 horas<\/em><br \/>\nParan\u00e1 vs. Los Andes<br \/>\nEl Porvenir vs. Villa Igoillo<br \/>\nAm\u00e9rica vs Independencia FC<br \/>\nGeneral San Mart\u00edn vs. Pescadores<\/p>\n<p><em>13:00 horas<\/em><br \/>\nDeportivo Alsina vs. Rivadavia<br \/>\nIndependiente  vs. Central C\u00f3rdoba<br \/>\nSan Roque FC vs. Mitre<br \/>\nCosta Azul vs. Fundici\u00f3n FC<\/p>\n","protected":false},"excerpt":{"rendered":"<p>Con siete partidos se completa la fecha 3 del torneo Clausura, teniendo en cuenta que ya Fundici\u00f3n le gan\u00f3 a Portela y Mitre-Las Palmeras fue empate. Zona A Paran\u00e1 FC vs. Agricultores Club (domingo 26 de agosto) (Quinta: 10:30\/Cuarta: 11:45\/Tercera: 13:00\/Sub 21: 14:30\/Primera: 16:15) Sportivo vs. Am\u00e9rica (domingo 26 de agosto) (Quinta: 11:00\/Cuarta: 12:15\/Tercera: 13:30\/Sub [&hellip;]<\/p>\n","protected":false},"author":4,"featured_media":21255,"comment_status":"open","ping_status":"closed","sticky":false,"template":"","format":"standard","meta":{"om_disable_all_campaigns":false,"_jetpack_memberships_contains_paid_content":false,"footnotes":""},"categories":[5],"tags":[],"class_list":["post-38982","post","type-post","status-publish","format-standard","has-post-thumbnail","hentry","category-deportes"],"aioseo_notices":[],"gutentor_comment":0,"jetpack_featured_media_url":"https:\/\/eldiariodesanpedro.com.ar\/sitio\/wp-content\/uploads\/2017\/07\/futbol-arco.jpg","jetpack_shortlink":"https:\/\/wp.me\/p6RhLt-a8K","jetpack_sharing_enabled":true,"_links":{"self":[{"href":"https:\/\/eldiariodesanpedro.com.ar\/sitio\/wp-json\/wp\/v2\/posts\/38982","targetHints":{"allow":["GET"]}}],"collection":[{"href":"https:\/\/eldiariodesanpedro.com.ar\/sitio\/wp-json\/wp\/v2\/posts"}],"about":[{"href":"https:\/\/eldiariodesanpedro.com.ar\/sitio\/wp-json\/wp\/v2\/types\/post"}],"author":[{"embeddable":true,"href":"https:\/\/eldiariodesanpedro.com.ar\/sitio\/wp-json\/wp\/v2\/users\/4"}],"replies":[{"embeddable":true,"href":"https:\/\/eldiariodesanpedro.com.ar\/sitio\/wp-json\/wp\/v2\/comments?post=38982"}],"version-history":[{"count":2,"href":"https:\/\/eldiariodesanpedro.com.ar\/sitio\/wp-json\/wp\/v2\/posts\/38982\/revisions"}],"predecessor-version":[{"id":38987,"href":"https:\/\/eldiariodesanpedro.com.ar\/sitio\/wp-json\/wp\/v2\/posts\/38982\/revisions\/38987"}],"wp:featuredmedia":[{"embeddable":true,"href":"https:\/\/eldiariodesanpedro.com.ar\/sitio\/wp-json\/wp\/v2\/media\/21255"}],"wp:attachment":[{"href":"https:\/\/eldiariodesanpedro.com.ar\/sitio\/wp-json\/wp\/v2\/media?parent=38982"}],"wp:term":[{"taxonomy":"category","embeddable":true,"href":"https:\/\/eldiariodesanpedro.com.ar\/sitio\/wp-json\/wp\/v2\/categories?post=38982"},{"taxonomy":"post_tag","embeddable":true,"href":"https:\/\/eldiariodesanpedro.com.ar\/sitio\/wp-json\/wp\/v2\/tags?post=38982"}],"curies":[{"name":"wp","href":"https:\/\/api.w.org\/{rel}","templated":true}]}}