{"id":38971,"date":"2018-08-24T20:38:51","date_gmt":"2018-08-24T23:38:51","guid":{"rendered":"https:\/\/eldiariodesanpedro.com.ar\/sitio\/?p=38971"},"modified":"2018-08-24T20:38:51","modified_gmt":"2018-08-24T23:38:51","slug":"se-realizara-un-evento-artistico-en-la-biblioteca","status":"publish","type":"post","link":"https:\/\/eldiariodesanpedro.com.ar\/sitio\/se-realizara-un-evento-artistico-en-la-biblioteca\/","title":{"rendered":"Se realizar\u00e1 un evento art\u00edstico en la Biblioteca"},"content":{"rendered":"<p><!-- VideographyWP Plugin Message: Automatic video embedding prevented by plugin options. --><br \/>\nEste s\u00e1bado 25 a las 20 hs se presenta el d\u00fao de Tango de Rub\u00e9n Rasio en la voz y Fabi\u00e1n Alberto en guitarra, presentando su espect\u00e1culo: \u00abPasional\u00bb.<\/p>\n<p>  Un d\u00fao probado que ha transitado los distintos escenarios del pa\u00eds difundiendo nuestra m\u00fasica.<br \/>\n  El contenido art\u00edstico de la puesta es como un viaje m\u00e1gico y misterioso por el tango, en un recorrido vertiginoso. No es un relato formal, es un itinerario tan sofisticado como aleatorio por las extensiones del g\u00e9nero en sus mejores expresiones.<\/p>\n<p>  Un espectacular Show que recorre la historia del tango desde los burdeles, el corral\u00f3n hasta el tango moderno de Piazzolla. Una pincelada m\u00e1gica que amalgama, la cortada, el barrio y el callej\u00f3n.<\/p>\n<p>  El valor de la entrada es de $100.<\/p>\n","protected":false},"excerpt":{"rendered":"<p>Este s\u00e1bado 25 a las 20 hs se presenta el d\u00fao de Tango de Rub\u00e9n Rasio en la voz y Fabi\u00e1n Alberto en guitarra, presentando su espect\u00e1culo: \u00abPasional\u00bb. Un d\u00fao probado que ha transitado los distintos escenarios del pa\u00eds difundiendo nuestra m\u00fasica. El contenido art\u00edstico de la puesta es como un viaje m\u00e1gico y misterioso [&hellip;]<\/p>\n","protected":false},"author":4,"featured_media":38973,"comment_status":"open","ping_status":"closed","sticky":false,"template":"","format":"standard","meta":{"om_disable_all_campaigns":false,"_jetpack_memberships_contains_paid_content":false,"footnotes":""},"categories":[101,2],"tags":[],"class_list":["post-38971","post","type-post","status-publish","format-standard","has-post-thumbnail","hentry","category-interes-general-locales","category-locales"],"aioseo_notices":[],"gutentor_comment":0,"jetpack_featured_media_url":"https:\/\/eldiariodesanpedro.com.ar\/sitio\/wp-content\/uploads\/2018\/08\/biblioteca-rafael-obligado.jpg","jetpack_shortlink":"https:\/\/wp.me\/p6RhLt-a8z","jetpack_sharing_enabled":true,"_links":{"self":[{"href":"https:\/\/eldiariodesanpedro.com.ar\/sitio\/wp-json\/wp\/v2\/posts\/38971","targetHints":{"allow":["GET"]}}],"collection":[{"href":"https:\/\/eldiariodesanpedro.com.ar\/sitio\/wp-json\/wp\/v2\/posts"}],"about":[{"href":"https:\/\/eldiariodesanpedro.com.ar\/sitio\/wp-json\/wp\/v2\/types\/post"}],"author":[{"embeddable":true,"href":"https:\/\/eldiariodesanpedro.com.ar\/sitio\/wp-json\/wp\/v2\/users\/4"}],"replies":[{"embeddable":true,"href":"https:\/\/eldiariodesanpedro.com.ar\/sitio\/wp-json\/wp\/v2\/comments?post=38971"}],"version-history":[{"count":1,"href":"https:\/\/eldiariodesanpedro.com.ar\/sitio\/wp-json\/wp\/v2\/posts\/38971\/revisions"}],"predecessor-version":[{"id":38974,"href":"https:\/\/eldiariodesanpedro.com.ar\/sitio\/wp-json\/wp\/v2\/posts\/38971\/revisions\/38974"}],"wp:featuredmedia":[{"embeddable":true,"href":"https:\/\/eldiariodesanpedro.com.ar\/sitio\/wp-json\/wp\/v2\/media\/38973"}],"wp:attachment":[{"href":"https:\/\/eldiariodesanpedro.com.ar\/sitio\/wp-json\/wp\/v2\/media?parent=38971"}],"wp:term":[{"taxonomy":"category","embeddable":true,"href":"https:\/\/eldiariodesanpedro.com.ar\/sitio\/wp-json\/wp\/v2\/categories?post=38971"},{"taxonomy":"post_tag","embeddable":true,"href":"https:\/\/eldiariodesanpedro.com.ar\/sitio\/wp-json\/wp\/v2\/tags?post=38971"}],"curies":[{"name":"wp","href":"https:\/\/api.w.org\/{rel}","templated":true}]}}