{"id":38958,"date":"2018-08-24T10:44:23","date_gmt":"2018-08-24T13:44:23","guid":{"rendered":"https:\/\/eldiariodesanpedro.com.ar\/sitio\/?p=38958"},"modified":"2018-08-24T10:44:23","modified_gmt":"2018-08-24T13:44:23","slug":"arrecifes-declararon-de-interes-municipal-el-2o-encuentro-regional-de-mujeres-lesbianas-travestis-y-trans","status":"publish","type":"post","link":"https:\/\/eldiariodesanpedro.com.ar\/sitio\/arrecifes-declararon-de-interes-municipal-el-2o-encuentro-regional-de-mujeres-lesbianas-travestis-y-trans\/","title":{"rendered":"ARRECIFES: Declararon \u201cde inter\u00e9s municipal\u201d el 2\u00ba Encuentro Regional de Mujeres, Lesbianas, Travestis y Trans"},"content":{"rendered":"<p><!-- VideographyWP Plugin Message: Automatic video embedding prevented by plugin options. --><br \/>\nEn la sesi\u00f3n de la noche de este mi\u00e9rcoles, el Concejo Deliberante de Arrecifes declar\u00f3 \u201cde inter\u00e9s municipal y legislativo\u201d el 2\u00ba Encuentro Regional de Mujeres, Lesbianas, Travestis y Trans a realizarse el s\u00e1bado 29 de septiembre en nuestra ciudad.<\/p>\n<p>El proyecto aprobado hab\u00eda sido presentado por el bloque Unidad Ciudadana.<\/p>\n<p>Este encuentro cuenta con la organizaci\u00f3n del movimiento feminista Las Negras de Arrecifes, quienes se postularon para ser sede del evento y ganaron ese derecho mediante una votaci\u00f3n a trav\u00e9s de redes sociales.<\/p>\n<p>El mismo se desarrollar\u00e1 en la Escuela Secundaria N\u00ba 6 (Nueva Escuela Secundaria), inici\u00e1ndose a las 9:30 con diferentes talleres y conferencias y con su cierre previsto para las 18:30.<\/p>\n<p>Fuente: Arrecifes Noticias<\/p>\n","protected":false},"excerpt":{"rendered":"<p>En la sesi\u00f3n de la noche de este mi\u00e9rcoles, el Concejo Deliberante de Arrecifes declar\u00f3 \u201cde inter\u00e9s municipal y legislativo\u201d el 2\u00ba Encuentro Regional de Mujeres, Lesbianas, Travestis y Trans a realizarse el s\u00e1bado 29 de septiembre en nuestra ciudad. El proyecto aprobado hab\u00eda sido presentado por el bloque Unidad Ciudadana. Este encuentro cuenta con [&hellip;]<\/p>\n","protected":false},"author":4,"featured_media":38959,"comment_status":"open","ping_status":"closed","sticky":false,"template":"","format":"standard","meta":{"om_disable_all_campaigns":false,"_jetpack_memberships_contains_paid_content":false,"footnotes":""},"categories":[621],"tags":[],"class_list":["post-38958","post","type-post","status-publish","format-standard","has-post-thumbnail","hentry","category-regionales"],"aioseo_notices":[],"gutentor_comment":0,"jetpack_featured_media_url":"https:\/\/eldiariodesanpedro.com.ar\/sitio\/wp-content\/uploads\/2018\/08\/Las-Negras.jpg","jetpack_shortlink":"https:\/\/wp.me\/p6RhLt-a8m","jetpack_sharing_enabled":true,"_links":{"self":[{"href":"https:\/\/eldiariodesanpedro.com.ar\/sitio\/wp-json\/wp\/v2\/posts\/38958","targetHints":{"allow":["GET"]}}],"collection":[{"href":"https:\/\/eldiariodesanpedro.com.ar\/sitio\/wp-json\/wp\/v2\/posts"}],"about":[{"href":"https:\/\/eldiariodesanpedro.com.ar\/sitio\/wp-json\/wp\/v2\/types\/post"}],"author":[{"embeddable":true,"href":"https:\/\/eldiariodesanpedro.com.ar\/sitio\/wp-json\/wp\/v2\/users\/4"}],"replies":[{"embeddable":true,"href":"https:\/\/eldiariodesanpedro.com.ar\/sitio\/wp-json\/wp\/v2\/comments?post=38958"}],"version-history":[{"count":1,"href":"https:\/\/eldiariodesanpedro.com.ar\/sitio\/wp-json\/wp\/v2\/posts\/38958\/revisions"}],"predecessor-version":[{"id":38960,"href":"https:\/\/eldiariodesanpedro.com.ar\/sitio\/wp-json\/wp\/v2\/posts\/38958\/revisions\/38960"}],"wp:featuredmedia":[{"embeddable":true,"href":"https:\/\/eldiariodesanpedro.com.ar\/sitio\/wp-json\/wp\/v2\/media\/38959"}],"wp:attachment":[{"href":"https:\/\/eldiariodesanpedro.com.ar\/sitio\/wp-json\/wp\/v2\/media?parent=38958"}],"wp:term":[{"taxonomy":"category","embeddable":true,"href":"https:\/\/eldiariodesanpedro.com.ar\/sitio\/wp-json\/wp\/v2\/categories?post=38958"},{"taxonomy":"post_tag","embeddable":true,"href":"https:\/\/eldiariodesanpedro.com.ar\/sitio\/wp-json\/wp\/v2\/tags?post=38958"}],"curies":[{"name":"wp","href":"https:\/\/api.w.org\/{rel}","templated":true}]}}