{"id":38951,"date":"2018-08-24T10:20:07","date_gmt":"2018-08-24T13:20:07","guid":{"rendered":"https:\/\/eldiariodesanpedro.com.ar\/sitio\/?p=38951"},"modified":"2018-08-24T10:20:07","modified_gmt":"2018-08-24T13:20:07","slug":"provincia-el-ajuste-llego-tambien-a-las-vacunas-suspenden-la-dosis-contra-meningitis-para-chicos-de-11-anos","status":"publish","type":"post","link":"https:\/\/eldiariodesanpedro.com.ar\/sitio\/provincia-el-ajuste-llego-tambien-a-las-vacunas-suspenden-la-dosis-contra-meningitis-para-chicos-de-11-anos\/","title":{"rendered":"PROVINCIA: El ajuste lleg\u00f3 tambi\u00e9n a las vacunas: suspenden la dosis contra meningitis para chicos de 11 a\u00f1os"},"content":{"rendered":"<p><!-- VideographyWP Plugin Message: Automatic video embedding prevented by plugin options. --><br \/>\nEl Gobierno sac\u00f3 del calendario obligatorio de vacunaciones esa dosis. Hace apenas unos d\u00edas muri\u00f3 en Rosario un adolescente de 17 a\u00f1os por esta enfermedad.<\/p>\n<p>El ajuste que la gesti\u00f3n de Mauricio Macri aplica en todos los \u00f3rdenes del Estado a partir del acuerdo alcanzado con el Fondo Monetario Internacional (FMI) golpea tambi\u00e9n en las \u00e1reas m\u00e1s sensibles. Ahora, el gobierno quit\u00f3 del calendario de vacunaciones el refuerzo para chicos y chicas de 11 a\u00f1os de la aplicaci\u00f3n contra el meningococo.<\/p>\n<p>La medida fue adoptada incluso cuando en distintas ciudades del pa\u00eds se registraron casos de meningitis. En Rosario, por caso, muri\u00f3 un chico de 17 a\u00f1os por esta enfermedad.<\/p>\n<p>El Ministerio de Salud de la Naci\u00f3n, a instancias de la Casa Rosada, impuso un recorte de 9 mil millones de pesos para la provisi\u00f3n y puesta en marcha del programa nacional de vacunaciones y de entrega de medicamentos, publica el diario P\u00e1gina 12. Se trata de un recorte de casi el 50% del presupuesto destinado a ese \u00e1rea.<\/p>\n<p>El calendario obligatorio indica que las vacunas contra el meningococo tienen cuatro aplicaciones, tres entre los 5 y 15 meses, y la \u00faltima a los 11 a\u00f1os.<\/p>\n<p>Para Daniel Gollan, m\u00e9dico sanitarista y ex ministro de Salud de la Naci\u00f3n, el gobierno de Macri \u201cest\u00e1 desmantelando el programa nacional de inmunizaciones\u201d, que obliga al Estado a aplicar gratuitamente 19 vacunas en hospitales, salitas y centros sanitarios de todo el pa\u00eds. \u201cEst\u00e1n destruyendo algo que era un patrimonio sanitario\u201d, lament\u00f3.<\/p>\n<p>Gollan denunci\u00f3 adem\u00e1s que la cartera sanitaria no solamente no entrega vacunas, sino que \u201ctampoco est\u00e1 entregando descartables, no pagan programas de capacitaci\u00f3n profesional y ech\u00f3 a la mitad de los 11 mil vacunadores, m\u00e9dicos, psic\u00f3logos, del programa M\u00e9dicos Comunitarios\u201d.<\/p>\n<p>Fuente: Enlace Critico<\/p>\n","protected":false},"excerpt":{"rendered":"<p>El Gobierno sac\u00f3 del calendario obligatorio de vacunaciones esa dosis. Hace apenas unos d\u00edas muri\u00f3 en Rosario un adolescente de 17 a\u00f1os por esta enfermedad. El ajuste que la gesti\u00f3n de Mauricio Macri aplica en todos los \u00f3rdenes del Estado a partir del acuerdo alcanzado con el Fondo Monetario Internacional (FMI) golpea tambi\u00e9n en las [&hellip;]<\/p>\n","protected":false},"author":4,"featured_media":38952,"comment_status":"open","ping_status":"closed","sticky":false,"template":"","format":"standard","meta":{"om_disable_all_campaigns":false,"_jetpack_memberships_contains_paid_content":false,"footnotes":""},"categories":[621],"tags":[],"class_list":["post-38951","post","type-post","status-publish","format-standard","has-post-thumbnail","hentry","category-regionales"],"aioseo_notices":[],"gutentor_comment":0,"jetpack_featured_media_url":"https:\/\/eldiariodesanpedro.com.ar\/sitio\/wp-content\/uploads\/2018\/08\/Aconsejan-vacunarse-contra-la-fiebre-amarilla_658x400.jpg","jetpack_shortlink":"https:\/\/wp.me\/p6RhLt-a8f","jetpack_sharing_enabled":true,"_links":{"self":[{"href":"https:\/\/eldiariodesanpedro.com.ar\/sitio\/wp-json\/wp\/v2\/posts\/38951","targetHints":{"allow":["GET"]}}],"collection":[{"href":"https:\/\/eldiariodesanpedro.com.ar\/sitio\/wp-json\/wp\/v2\/posts"}],"about":[{"href":"https:\/\/eldiariodesanpedro.com.ar\/sitio\/wp-json\/wp\/v2\/types\/post"}],"author":[{"embeddable":true,"href":"https:\/\/eldiariodesanpedro.com.ar\/sitio\/wp-json\/wp\/v2\/users\/4"}],"replies":[{"embeddable":true,"href":"https:\/\/eldiariodesanpedro.com.ar\/sitio\/wp-json\/wp\/v2\/comments?post=38951"}],"version-history":[{"count":1,"href":"https:\/\/eldiariodesanpedro.com.ar\/sitio\/wp-json\/wp\/v2\/posts\/38951\/revisions"}],"predecessor-version":[{"id":38953,"href":"https:\/\/eldiariodesanpedro.com.ar\/sitio\/wp-json\/wp\/v2\/posts\/38951\/revisions\/38953"}],"wp:featuredmedia":[{"embeddable":true,"href":"https:\/\/eldiariodesanpedro.com.ar\/sitio\/wp-json\/wp\/v2\/media\/38952"}],"wp:attachment":[{"href":"https:\/\/eldiariodesanpedro.com.ar\/sitio\/wp-json\/wp\/v2\/media?parent=38951"}],"wp:term":[{"taxonomy":"category","embeddable":true,"href":"https:\/\/eldiariodesanpedro.com.ar\/sitio\/wp-json\/wp\/v2\/categories?post=38951"},{"taxonomy":"post_tag","embeddable":true,"href":"https:\/\/eldiariodesanpedro.com.ar\/sitio\/wp-json\/wp\/v2\/tags?post=38951"}],"curies":[{"name":"wp","href":"https:\/\/api.w.org\/{rel}","templated":true}]}}