{"id":38948,"date":"2018-08-24T10:10:42","date_gmt":"2018-08-24T13:10:42","guid":{"rendered":"https:\/\/eldiariodesanpedro.com.ar\/sitio\/?p=38948"},"modified":"2018-08-24T10:10:42","modified_gmt":"2018-08-24T13:10:42","slug":"reconocieron-a-juan-fera-por-su-constante-colaboracion-con-la-ciudad","status":"publish","type":"post","link":"https:\/\/eldiariodesanpedro.com.ar\/sitio\/reconocieron-a-juan-fera-por-su-constante-colaboracion-con-la-ciudad\/","title":{"rendered":"Reconocieron a Juan Fera por su constante colaboraci\u00f3n con la ciudad"},"content":{"rendered":"<p><!-- VideographyWP Plugin Message: Automatic video embedding prevented by plugin options. --><br \/>\nEl Intendente Salazar visit\u00f3 la obra del Hotel Azahar junto a un grupo de funcionarios y entreg\u00f3 una plaqueta al empresario.<\/p>\n<p>No es la primera vez que lo hace pero durante la inauguraci\u00f3n de las obras de refacciones en el Hospital de Santa Luc\u00eda las autoridades resaltaron la colaboraci\u00f3n que el empresario Juan Fera efectu\u00f3 con el establecimiento sanitario.<\/p>\n<p>El titular de la empresa Maxiconsumo que a la vez impulsa un fara\u00f3nico proyecto sobre la zona de barrancas entreg\u00f3 a los m\u00e9dicos responsables del Hospital una cocina industrial que se sum\u00f3 a las mejoras efectuadas en el sector de cocina.<\/p>\n<p>Fue por eso que el Intendente Municipal Cecilio Salazar, junto al Secretario de Coordinaci\u00f3n Dr. Ram\u00f3n Salazar y el Secretario de Obras P\u00fablicas Ariel Alvarez, visitaron el predio donde se construye el Hotel Azahar y reconocieron con un presente al titular de la empresa Juan Fera.<\/p>\n<p>El jefe comunal felicit\u00f3 y agradeci\u00f3 la desinteresada colaboraci\u00f3n que habitualmente demuestra el empresario y se\u00f1al\u00f3 en su cuenta de Facebook: \u201cVisitamos el Hotel Azahar y entregamos plaqueta de reconocimiento a Juan Fera por la donaci\u00f3n realizada para nuestro Hospital de Santa Luc\u00eda\u201d.<\/p>\n<p>Fuente: San Pedro Informa<\/p>\n","protected":false},"excerpt":{"rendered":"<p>El Intendente Salazar visit\u00f3 la obra del Hotel Azahar junto a un grupo de funcionarios y entreg\u00f3 una plaqueta al empresario. No es la primera vez que lo hace pero durante la inauguraci\u00f3n de las obras de refacciones en el Hospital de Santa Luc\u00eda las autoridades resaltaron la colaboraci\u00f3n que el empresario Juan Fera efectu\u00f3 [&hellip;]<\/p>\n","protected":false},"author":4,"featured_media":38949,"comment_status":"open","ping_status":"closed","sticky":false,"template":"","format":"standard","meta":{"om_disable_all_campaigns":false,"_jetpack_memberships_contains_paid_content":false,"footnotes":""},"categories":[101,2],"tags":[],"class_list":["post-38948","post","type-post","status-publish","format-standard","has-post-thumbnail","hentry","category-interes-general-locales","category-locales"],"aioseo_notices":[],"gutentor_comment":0,"jetpack_featured_media_url":"https:\/\/eldiariodesanpedro.com.ar\/sitio\/wp-content\/uploads\/2018\/08\/000071138.jpg","jetpack_shortlink":"https:\/\/wp.me\/p6RhLt-a8c","jetpack_sharing_enabled":true,"_links":{"self":[{"href":"https:\/\/eldiariodesanpedro.com.ar\/sitio\/wp-json\/wp\/v2\/posts\/38948","targetHints":{"allow":["GET"]}}],"collection":[{"href":"https:\/\/eldiariodesanpedro.com.ar\/sitio\/wp-json\/wp\/v2\/posts"}],"about":[{"href":"https:\/\/eldiariodesanpedro.com.ar\/sitio\/wp-json\/wp\/v2\/types\/post"}],"author":[{"embeddable":true,"href":"https:\/\/eldiariodesanpedro.com.ar\/sitio\/wp-json\/wp\/v2\/users\/4"}],"replies":[{"embeddable":true,"href":"https:\/\/eldiariodesanpedro.com.ar\/sitio\/wp-json\/wp\/v2\/comments?post=38948"}],"version-history":[{"count":1,"href":"https:\/\/eldiariodesanpedro.com.ar\/sitio\/wp-json\/wp\/v2\/posts\/38948\/revisions"}],"predecessor-version":[{"id":38950,"href":"https:\/\/eldiariodesanpedro.com.ar\/sitio\/wp-json\/wp\/v2\/posts\/38948\/revisions\/38950"}],"wp:featuredmedia":[{"embeddable":true,"href":"https:\/\/eldiariodesanpedro.com.ar\/sitio\/wp-json\/wp\/v2\/media\/38949"}],"wp:attachment":[{"href":"https:\/\/eldiariodesanpedro.com.ar\/sitio\/wp-json\/wp\/v2\/media?parent=38948"}],"wp:term":[{"taxonomy":"category","embeddable":true,"href":"https:\/\/eldiariodesanpedro.com.ar\/sitio\/wp-json\/wp\/v2\/categories?post=38948"},{"taxonomy":"post_tag","embeddable":true,"href":"https:\/\/eldiariodesanpedro.com.ar\/sitio\/wp-json\/wp\/v2\/tags?post=38948"}],"curies":[{"name":"wp","href":"https:\/\/api.w.org\/{rel}","templated":true}]}}