{"id":38945,"date":"2018-08-24T10:01:14","date_gmt":"2018-08-24T13:01:14","guid":{"rendered":"https:\/\/eldiariodesanpedro.com.ar\/sitio\/?p=38945"},"modified":"2018-08-24T10:01:14","modified_gmt":"2018-08-24T13:01:14","slug":"el-autodromo-de-san-nicolas-ya-es-una-realidad","status":"publish","type":"post","link":"https:\/\/eldiariodesanpedro.com.ar\/sitio\/el-autodromo-de-san-nicolas-ya-es-una-realidad\/","title":{"rendered":"El aut\u00f3dromo de San Nicol\u00e1s ya es una realidad"},"content":{"rendered":"<p><!-- VideographyWP Plugin Message: Automatic video embedding prevented by plugin options. --><br \/>\nLa obras en el futuro escenario avanzan a todo ritmo y Campeones las recorri\u00f3 para conocer distintos detalles. La inauguraci\u00f3n ser\u00e1 el el 7 de octubre con la d\u00e9cima fecha de S\u00faper TC2000, mientras que el Turismo Carretera disputar\u00e1 su coronaci\u00f3n el 9 de diciembre.<\/p>\n<p>San Nicol\u00e1s tendr\u00e1 un aut\u00f3dromo de primer nivel y las obras contin\u00faan a toda hora. Este proyecto se est\u00e1 realizando en el kil\u00f3metro 225 de la Autopista Buenos Aires \u2013 Rosario en un predio de 123 hect\u00e1reas y adem\u00e1s del aut\u00f3dromo, funcionar\u00e1n ferias comerciales y culturales.<\/p>\n<p>No se detienen los trabajos en el futuro aut\u00f3dromo de San Nicol\u00e1s, circuito que ser\u00e1 inaugurado el 7 de octubre con la d\u00e9cima fecha de S\u00faper TC2000.<\/p>\n<p>El flamante escenario tambi\u00e9n tendr\u00e1 este a\u00f1o Turismo Carretera, corri\u00e9ndose all\u00ed el coronaci\u00f3n, competencia prevista para el 9 de diciembre.<\/p>\n<p>\u201cSan Nicol\u00e1s es hist\u00f3ricamente una ciudad fierrera, que tuvo su aut\u00f3dromo y sus corredores de primera categor\u00eda. Sabemos que era una demanda muy grande de los vecinos, y nos animamos a hacer la apuesta confiados en que vamos a tener su acompa\u00f1amiento\u201d, coment\u00f3 Manuel Passaglia, intendente de San Nicol\u00e1s.<\/p>\n<p>\u201cPara San Nicol\u00e1s ser\u00e1 algo muy positivo, no s\u00f3lo por lo que representa la posibilidad de presenciar un espect\u00e1culo deportivo, sino por las ventajas econ\u00f3micas que significa en materia de turismo y la vidriera que significar\u00e1 para que todo el pa\u00eds conozca la ciudad. Ya nos pasaron cifras y calculan que m\u00e1s de 7.6 millones de hogares es el alcance de la televisaci\u00f3n del S\u00faper TC2000 en el Aut\u00f3dromo de San Nicol\u00e1s, que va a ser la fecha inaugural, el 7 de octubre de este a\u00f1o\u201d.<\/p>\n<p>Fuente: San Pedro INforma<\/p>\n","protected":false},"excerpt":{"rendered":"<p>La obras en el futuro escenario avanzan a todo ritmo y Campeones las recorri\u00f3 para conocer distintos detalles. La inauguraci\u00f3n ser\u00e1 el el 7 de octubre con la d\u00e9cima fecha de S\u00faper TC2000, mientras que el Turismo Carretera disputar\u00e1 su coronaci\u00f3n el 9 de diciembre. San Nicol\u00e1s tendr\u00e1 un aut\u00f3dromo de primer nivel y las [&hellip;]<\/p>\n","protected":false},"author":4,"featured_media":38946,"comment_status":"open","ping_status":"closed","sticky":false,"template":"","format":"standard","meta":{"om_disable_all_campaigns":false,"_jetpack_memberships_contains_paid_content":false,"footnotes":""},"categories":[621],"tags":[],"class_list":["post-38945","post","type-post","status-publish","format-standard","has-post-thumbnail","hentry","category-regionales"],"aioseo_notices":[],"gutentor_comment":0,"jetpack_featured_media_url":"https:\/\/eldiariodesanpedro.com.ar\/sitio\/wp-content\/uploads\/2018\/08\/000071098.jpg","jetpack_shortlink":"https:\/\/wp.me\/p6RhLt-a89","jetpack_sharing_enabled":true,"_links":{"self":[{"href":"https:\/\/eldiariodesanpedro.com.ar\/sitio\/wp-json\/wp\/v2\/posts\/38945","targetHints":{"allow":["GET"]}}],"collection":[{"href":"https:\/\/eldiariodesanpedro.com.ar\/sitio\/wp-json\/wp\/v2\/posts"}],"about":[{"href":"https:\/\/eldiariodesanpedro.com.ar\/sitio\/wp-json\/wp\/v2\/types\/post"}],"author":[{"embeddable":true,"href":"https:\/\/eldiariodesanpedro.com.ar\/sitio\/wp-json\/wp\/v2\/users\/4"}],"replies":[{"embeddable":true,"href":"https:\/\/eldiariodesanpedro.com.ar\/sitio\/wp-json\/wp\/v2\/comments?post=38945"}],"version-history":[{"count":1,"href":"https:\/\/eldiariodesanpedro.com.ar\/sitio\/wp-json\/wp\/v2\/posts\/38945\/revisions"}],"predecessor-version":[{"id":38947,"href":"https:\/\/eldiariodesanpedro.com.ar\/sitio\/wp-json\/wp\/v2\/posts\/38945\/revisions\/38947"}],"wp:featuredmedia":[{"embeddable":true,"href":"https:\/\/eldiariodesanpedro.com.ar\/sitio\/wp-json\/wp\/v2\/media\/38946"}],"wp:attachment":[{"href":"https:\/\/eldiariodesanpedro.com.ar\/sitio\/wp-json\/wp\/v2\/media?parent=38945"}],"wp:term":[{"taxonomy":"category","embeddable":true,"href":"https:\/\/eldiariodesanpedro.com.ar\/sitio\/wp-json\/wp\/v2\/categories?post=38945"},{"taxonomy":"post_tag","embeddable":true,"href":"https:\/\/eldiariodesanpedro.com.ar\/sitio\/wp-json\/wp\/v2\/tags?post=38945"}],"curies":[{"name":"wp","href":"https:\/\/api.w.org\/{rel}","templated":true}]}}