{"id":38942,"date":"2018-08-24T09:57:13","date_gmt":"2018-08-24T12:57:13","guid":{"rendered":"https:\/\/eldiariodesanpedro.com.ar\/sitio\/?p=38942"},"modified":"2018-08-24T09:57:13","modified_gmt":"2018-08-24T12:57:13","slug":"la-justicia-fallo-a-favor-de-los-bomberos-voluntarios-del-pais","status":"publish","type":"post","link":"https:\/\/eldiariodesanpedro.com.ar\/sitio\/la-justicia-fallo-a-favor-de-los-bomberos-voluntarios-del-pais\/","title":{"rendered":"La justicia fall\u00f3 a favor de los Bomberos Voluntarios del pa\u00eds"},"content":{"rendered":"<p><!-- VideographyWP Plugin Message: Automatic video embedding prevented by plugin options. --><br \/>\nLa C\u00e1mara en lo Contencioso Administrativo Federal exige al Gobierno el pago establecido por Ley.<\/p>\n<p>El mi\u00e9rcoles pasado los Bomberos Voluntarios Nacionales recibieron la noticia de que la Sala II de la C\u00e1mara en lo Contencioso Administrativo Federal fall\u00f3 a favor y obliga al Gobierno nacional a pagar lo que les corresponde por Ley y que hab\u00eda sido anulado.<\/p>\n<p>El conflicto entre el Consejo Federal de Bomberos Voluntarios y el Gobierno nacional surgi\u00f3 hace varios meses, cuando un decreto presidencial recortaba el 5 por mil y que significaba el 40% de lo que estas instituciones perciben anualmente.<\/p>\n<p>El 2 de agosto los Bomberos Voluntarios realizaron en todo el pa\u00eds un sonar de sirenas y un abrazo simb\u00f3lico a todos los cuarteles. Adem\u00e1s hubo una protesta frente al Congreso de la Naci\u00f3n para pedir la restituci\u00f3n de los fondos adeudados.<\/p>\n<p>Presupuesto 2019<br \/>\nAnte el repetido recorte, demora y falta de pago de los fondos que constituyen el Subsidio Bomberos Voluntarios, el Consejo de Federaciones de Bomberos Voluntarios de la Rep\u00fablica Argentina decidi\u00f3 tomar una medida de anticipaci\u00f3n frente al Presupuesto 2019, el cual ya est\u00e1 siendo elaborado por el gobierno nacional, para evitar el desfinanciamiento del sistema.<\/p>\n<p>A trav\u00e9s de una nota enviada al Ministerio de Seguridad de la Naci\u00f3n, con copia al Ministerio de Econom\u00eda de la Naci\u00f3n y a los legisladores, se solicit\u00f3 formular el Presupuesto 2019 para Bomberos Voluntarios tomando como base el monto estimado de recaudaci\u00f3n del a\u00f1o que viene informado por la Superintendencia de Seguros de la Naci\u00f3n, m\u00e1s la estimaci\u00f3n de crecimiento de patentamientos y el \u00edndice inflacionario del 20%.<\/p>\n<p>Fuente: Bragart-bragado.com<\/p>\n","protected":false},"excerpt":{"rendered":"<p>La C\u00e1mara en lo Contencioso Administrativo Federal exige al Gobierno el pago establecido por Ley. El mi\u00e9rcoles pasado los Bomberos Voluntarios Nacionales recibieron la noticia de que la Sala II de la C\u00e1mara en lo Contencioso Administrativo Federal fall\u00f3 a favor y obliga al Gobierno nacional a pagar lo que les corresponde por Ley y [&hellip;]<\/p>\n","protected":false},"author":4,"featured_media":38943,"comment_status":"open","ping_status":"closed","sticky":false,"template":"","format":"standard","meta":{"om_disable_all_campaigns":false,"_jetpack_memberships_contains_paid_content":false,"footnotes":""},"categories":[101,2],"tags":[],"class_list":["post-38942","post","type-post","status-publish","format-standard","has-post-thumbnail","hentry","category-interes-general-locales","category-locales"],"aioseo_notices":[],"gutentor_comment":0,"jetpack_featured_media_url":"https:\/\/eldiariodesanpedro.com.ar\/sitio\/wp-content\/uploads\/2018\/08\/000071130.jpg","jetpack_shortlink":"https:\/\/wp.me\/p6RhLt-a86","jetpack_sharing_enabled":true,"_links":{"self":[{"href":"https:\/\/eldiariodesanpedro.com.ar\/sitio\/wp-json\/wp\/v2\/posts\/38942","targetHints":{"allow":["GET"]}}],"collection":[{"href":"https:\/\/eldiariodesanpedro.com.ar\/sitio\/wp-json\/wp\/v2\/posts"}],"about":[{"href":"https:\/\/eldiariodesanpedro.com.ar\/sitio\/wp-json\/wp\/v2\/types\/post"}],"author":[{"embeddable":true,"href":"https:\/\/eldiariodesanpedro.com.ar\/sitio\/wp-json\/wp\/v2\/users\/4"}],"replies":[{"embeddable":true,"href":"https:\/\/eldiariodesanpedro.com.ar\/sitio\/wp-json\/wp\/v2\/comments?post=38942"}],"version-history":[{"count":1,"href":"https:\/\/eldiariodesanpedro.com.ar\/sitio\/wp-json\/wp\/v2\/posts\/38942\/revisions"}],"predecessor-version":[{"id":38944,"href":"https:\/\/eldiariodesanpedro.com.ar\/sitio\/wp-json\/wp\/v2\/posts\/38942\/revisions\/38944"}],"wp:featuredmedia":[{"embeddable":true,"href":"https:\/\/eldiariodesanpedro.com.ar\/sitio\/wp-json\/wp\/v2\/media\/38943"}],"wp:attachment":[{"href":"https:\/\/eldiariodesanpedro.com.ar\/sitio\/wp-json\/wp\/v2\/media?parent=38942"}],"wp:term":[{"taxonomy":"category","embeddable":true,"href":"https:\/\/eldiariodesanpedro.com.ar\/sitio\/wp-json\/wp\/v2\/categories?post=38942"},{"taxonomy":"post_tag","embeddable":true,"href":"https:\/\/eldiariodesanpedro.com.ar\/sitio\/wp-json\/wp\/v2\/tags?post=38942"}],"curies":[{"name":"wp","href":"https:\/\/api.w.org\/{rel}","templated":true}]}}