{"id":38937,"date":"2018-08-24T09:19:11","date_gmt":"2018-08-24T12:19:11","guid":{"rendered":"https:\/\/eldiariodesanpedro.com.ar\/sitio\/?p=38937"},"modified":"2018-08-24T09:19:11","modified_gmt":"2018-08-24T12:19:11","slug":"accidente-una-motocicleta-sufrio-derrame-de-combustible-y-despisto","status":"publish","type":"post","link":"https:\/\/eldiariodesanpedro.com.ar\/sitio\/accidente-una-motocicleta-sufrio-derrame-de-combustible-y-despisto\/","title":{"rendered":"Accidente: Una motocicleta sufri\u00f3 derrame de combustible y despist\u00f3"},"content":{"rendered":"<p><!-- VideographyWP Plugin Message: Automatic video embedding prevented by plugin options. --><br \/>\nEl accidente se produjo en intersecci\u00f3n de Crucero Gral Belgrano y Ruta 1001, cuando un joven de 26 a\u00f1os de edad, que conduc\u00eda una motocicleta 150 cc, sufre despiste, aparentemente a ra\u00edz de un derrame de combustible sobre la cinta asf\u00e1ltica, <\/p>\n<p>El joven fue trasladado por la ambulancia de emergencia SAME al hospital local, constatando el medico que presenta lesiones de car\u00e1cter leves. <\/p>\n","protected":false},"excerpt":{"rendered":"<p>El accidente se produjo en intersecci\u00f3n de Crucero Gral Belgrano y Ruta 1001, cuando un joven de 26 a\u00f1os de edad, que conduc\u00eda una motocicleta 150 cc, sufre despiste, aparentemente a ra\u00edz de un derrame de combustible sobre la cinta asf\u00e1ltica, El joven fue trasladado por la ambulancia de emergencia SAME al hospital local, constatando [&hellip;]<\/p>\n","protected":false},"author":4,"featured_media":27202,"comment_status":"open","ping_status":"closed","sticky":false,"template":"","format":"standard","meta":{"om_disable_all_campaigns":false,"_jetpack_memberships_contains_paid_content":false,"footnotes":""},"categories":[2,103],"tags":[],"class_list":["post-38937","post","type-post","status-publish","format-standard","has-post-thumbnail","hentry","category-locales","category-policiales-locales"],"aioseo_notices":[],"gutentor_comment":0,"jetpack_featured_media_url":"https:\/\/eldiariodesanpedro.com.ar\/sitio\/wp-content\/uploads\/2017\/12\/ambulancia-same-provincia.jpg","jetpack_shortlink":"https:\/\/wp.me\/p6RhLt-a81","jetpack_sharing_enabled":true,"_links":{"self":[{"href":"https:\/\/eldiariodesanpedro.com.ar\/sitio\/wp-json\/wp\/v2\/posts\/38937","targetHints":{"allow":["GET"]}}],"collection":[{"href":"https:\/\/eldiariodesanpedro.com.ar\/sitio\/wp-json\/wp\/v2\/posts"}],"about":[{"href":"https:\/\/eldiariodesanpedro.com.ar\/sitio\/wp-json\/wp\/v2\/types\/post"}],"author":[{"embeddable":true,"href":"https:\/\/eldiariodesanpedro.com.ar\/sitio\/wp-json\/wp\/v2\/users\/4"}],"replies":[{"embeddable":true,"href":"https:\/\/eldiariodesanpedro.com.ar\/sitio\/wp-json\/wp\/v2\/comments?post=38937"}],"version-history":[{"count":1,"href":"https:\/\/eldiariodesanpedro.com.ar\/sitio\/wp-json\/wp\/v2\/posts\/38937\/revisions"}],"predecessor-version":[{"id":38938,"href":"https:\/\/eldiariodesanpedro.com.ar\/sitio\/wp-json\/wp\/v2\/posts\/38937\/revisions\/38938"}],"wp:featuredmedia":[{"embeddable":true,"href":"https:\/\/eldiariodesanpedro.com.ar\/sitio\/wp-json\/wp\/v2\/media\/27202"}],"wp:attachment":[{"href":"https:\/\/eldiariodesanpedro.com.ar\/sitio\/wp-json\/wp\/v2\/media?parent=38937"}],"wp:term":[{"taxonomy":"category","embeddable":true,"href":"https:\/\/eldiariodesanpedro.com.ar\/sitio\/wp-json\/wp\/v2\/categories?post=38937"},{"taxonomy":"post_tag","embeddable":true,"href":"https:\/\/eldiariodesanpedro.com.ar\/sitio\/wp-json\/wp\/v2\/tags?post=38937"}],"curies":[{"name":"wp","href":"https:\/\/api.w.org\/{rel}","templated":true}]}}