{"id":38935,"date":"2018-08-24T09:05:59","date_gmt":"2018-08-24T12:05:59","guid":{"rendered":"https:\/\/eldiariodesanpedro.com.ar\/sitio\/?p=38935"},"modified":"2018-08-24T09:05:59","modified_gmt":"2018-08-24T12:05:59","slug":"accidente-una-motocicleta-impacto-contra-un-auto-estacionado","status":"publish","type":"post","link":"https:\/\/eldiariodesanpedro.com.ar\/sitio\/accidente-una-motocicleta-impacto-contra-un-auto-estacionado\/","title":{"rendered":"Accidente: Una Motocicleta impact\u00f3 contra un auto estacionado"},"content":{"rendered":"<p><!-- VideographyWP Plugin Message: Automatic video embedding prevented by plugin options. --><br \/>\nA ra\u00edz de un llamado al 911, personal policial de la Comisar\u00eda Local, arrib\u00f3 hacia Avenida Sarmiento al 450, donde por razones que se tratan de establecer, una motocicleta marca Gilera 110 cc, conducida por un joven de 18 a\u00f1os de edad, junto a su acompa\u00f1ante de 17, impactaron contra un autom\u00f3vil que se encontraba estacionado marca Peugeot 408.<\/p>\n<p>Como Consecuencia los ocupantes de la moto, fueron trasladados al hospital por la ambulancia de emergencia SAME, con lesiones de car\u00e1cter leve.<\/p>\n","protected":false},"excerpt":{"rendered":"<p>A ra\u00edz de un llamado al 911, personal policial de la Comisar\u00eda Local, arrib\u00f3 hacia Avenida Sarmiento al 450, donde por razones que se tratan de establecer, una motocicleta marca Gilera 110 cc, conducida por un joven de 18 a\u00f1os de edad, junto a su acompa\u00f1ante de 17, impactaron contra un autom\u00f3vil que se encontraba [&hellip;]<\/p>\n","protected":false},"author":4,"featured_media":26677,"comment_status":"open","ping_status":"closed","sticky":false,"template":"","format":"standard","meta":{"om_disable_all_campaigns":false,"_jetpack_memberships_contains_paid_content":false,"footnotes":""},"categories":[2,103],"tags":[],"class_list":["post-38935","post","type-post","status-publish","format-standard","has-post-thumbnail","hentry","category-locales","category-policiales-locales"],"aioseo_notices":[],"gutentor_comment":0,"jetpack_featured_media_url":"https:\/\/eldiariodesanpedro.com.ar\/sitio\/wp-content\/uploads\/2017\/12\/patrullas-policia-noche.jpg","jetpack_shortlink":"https:\/\/wp.me\/p6RhLt-a7Z","jetpack_sharing_enabled":true,"_links":{"self":[{"href":"https:\/\/eldiariodesanpedro.com.ar\/sitio\/wp-json\/wp\/v2\/posts\/38935","targetHints":{"allow":["GET"]}}],"collection":[{"href":"https:\/\/eldiariodesanpedro.com.ar\/sitio\/wp-json\/wp\/v2\/posts"}],"about":[{"href":"https:\/\/eldiariodesanpedro.com.ar\/sitio\/wp-json\/wp\/v2\/types\/post"}],"author":[{"embeddable":true,"href":"https:\/\/eldiariodesanpedro.com.ar\/sitio\/wp-json\/wp\/v2\/users\/4"}],"replies":[{"embeddable":true,"href":"https:\/\/eldiariodesanpedro.com.ar\/sitio\/wp-json\/wp\/v2\/comments?post=38935"}],"version-history":[{"count":1,"href":"https:\/\/eldiariodesanpedro.com.ar\/sitio\/wp-json\/wp\/v2\/posts\/38935\/revisions"}],"predecessor-version":[{"id":38936,"href":"https:\/\/eldiariodesanpedro.com.ar\/sitio\/wp-json\/wp\/v2\/posts\/38935\/revisions\/38936"}],"wp:featuredmedia":[{"embeddable":true,"href":"https:\/\/eldiariodesanpedro.com.ar\/sitio\/wp-json\/wp\/v2\/media\/26677"}],"wp:attachment":[{"href":"https:\/\/eldiariodesanpedro.com.ar\/sitio\/wp-json\/wp\/v2\/media?parent=38935"}],"wp:term":[{"taxonomy":"category","embeddable":true,"href":"https:\/\/eldiariodesanpedro.com.ar\/sitio\/wp-json\/wp\/v2\/categories?post=38935"},{"taxonomy":"post_tag","embeddable":true,"href":"https:\/\/eldiariodesanpedro.com.ar\/sitio\/wp-json\/wp\/v2\/tags?post=38935"}],"curies":[{"name":"wp","href":"https:\/\/api.w.org\/{rel}","templated":true}]}}