{"id":38933,"date":"2018-08-24T08:49:12","date_gmt":"2018-08-24T11:49:12","guid":{"rendered":"https:\/\/eldiariodesanpedro.com.ar\/sitio\/?p=38933"},"modified":"2018-08-24T08:49:12","modified_gmt":"2018-08-24T11:49:12","slug":"por-una-deuda-de-gas-saco-al-inquilino-de-su-casa-por-la-fuerza","status":"publish","type":"post","link":"https:\/\/eldiariodesanpedro.com.ar\/sitio\/por-una-deuda-de-gas-saco-al-inquilino-de-su-casa-por-la-fuerza\/","title":{"rendered":"Por una deuda de gas, sac\u00f3 al inquilino de su casa por la fuerza"},"content":{"rendered":"<p><!-- VideographyWP Plugin Message: Automatic video embedding prevented by plugin options. --><br \/>\nEl hecho ocurri\u00f3 este jueves por la tarde, cuando un joven de 18 a\u00f1os de edad, denunci\u00f3 en la Dependencia Local, que la due\u00f1a de la vivienda donde estaba alquilando, con domicilio en R\u00f3mulo Na\u00f3n al 700, lo saco de su casa por la fuerza.<\/p>\n<p>En la denuncia el joven se refiere que la propietaria, por motivo de que pose\u00eda una deuda de gas, la misma le refiere que se valla, aperson\u00e1ndose de varios sujetos del inquilino,  excluy\u00e9ndolo del domicilio por la fuerza.<\/p>\n<p>Como consecuencia la victima sufre lesiones en su cuerpo producto de tal agresi\u00f3n f\u00edsica, resultando lesiones leves.<\/p>\n<p>Toma intervenci\u00f3n la Fiscal\u00eda N\u00ba5 a cargo del Dr Manso.<\/p>\n","protected":false},"excerpt":{"rendered":"<p>El hecho ocurri\u00f3 este jueves por la tarde, cuando un joven de 18 a\u00f1os de edad, denunci\u00f3 en la Dependencia Local, que la due\u00f1a de la vivienda donde estaba alquilando, con domicilio en R\u00f3mulo Na\u00f3n al 700, lo saco de su casa por la fuerza. En la denuncia el joven se refiere que la propietaria, [&hellip;]<\/p>\n","protected":false},"author":4,"featured_media":13371,"comment_status":"open","ping_status":"closed","sticky":false,"template":"","format":"standard","meta":{"om_disable_all_campaigns":false,"_jetpack_memberships_contains_paid_content":false,"footnotes":""},"categories":[2,103],"tags":[],"class_list":["post-38933","post","type-post","status-publish","format-standard","has-post-thumbnail","hentry","category-locales","category-policiales-locales"],"aioseo_notices":[],"gutentor_comment":0,"jetpack_featured_media_url":"https:\/\/eldiariodesanpedro.com.ar\/sitio\/wp-content\/uploads\/2017\/01\/Patrulla-3-e1485286104708.jpg","jetpack_shortlink":"https:\/\/wp.me\/p6RhLt-a7X","jetpack_sharing_enabled":true,"_links":{"self":[{"href":"https:\/\/eldiariodesanpedro.com.ar\/sitio\/wp-json\/wp\/v2\/posts\/38933","targetHints":{"allow":["GET"]}}],"collection":[{"href":"https:\/\/eldiariodesanpedro.com.ar\/sitio\/wp-json\/wp\/v2\/posts"}],"about":[{"href":"https:\/\/eldiariodesanpedro.com.ar\/sitio\/wp-json\/wp\/v2\/types\/post"}],"author":[{"embeddable":true,"href":"https:\/\/eldiariodesanpedro.com.ar\/sitio\/wp-json\/wp\/v2\/users\/4"}],"replies":[{"embeddable":true,"href":"https:\/\/eldiariodesanpedro.com.ar\/sitio\/wp-json\/wp\/v2\/comments?post=38933"}],"version-history":[{"count":1,"href":"https:\/\/eldiariodesanpedro.com.ar\/sitio\/wp-json\/wp\/v2\/posts\/38933\/revisions"}],"predecessor-version":[{"id":38934,"href":"https:\/\/eldiariodesanpedro.com.ar\/sitio\/wp-json\/wp\/v2\/posts\/38933\/revisions\/38934"}],"wp:featuredmedia":[{"embeddable":true,"href":"https:\/\/eldiariodesanpedro.com.ar\/sitio\/wp-json\/wp\/v2\/media\/13371"}],"wp:attachment":[{"href":"https:\/\/eldiariodesanpedro.com.ar\/sitio\/wp-json\/wp\/v2\/media?parent=38933"}],"wp:term":[{"taxonomy":"category","embeddable":true,"href":"https:\/\/eldiariodesanpedro.com.ar\/sitio\/wp-json\/wp\/v2\/categories?post=38933"},{"taxonomy":"post_tag","embeddable":true,"href":"https:\/\/eldiariodesanpedro.com.ar\/sitio\/wp-json\/wp\/v2\/tags?post=38933"}],"curies":[{"name":"wp","href":"https:\/\/api.w.org\/{rel}","templated":true}]}}