{"id":38930,"date":"2018-08-24T08:36:48","date_gmt":"2018-08-24T11:36:48","guid":{"rendered":"https:\/\/eldiariodesanpedro.com.ar\/sitio\/?p=38930"},"modified":"2018-08-24T08:36:48","modified_gmt":"2018-08-24T11:36:48","slug":"robaron-un-monitor-del-hospital","status":"publish","type":"post","link":"https:\/\/eldiariodesanpedro.com.ar\/sitio\/robaron-un-monitor-del-hospital\/","title":{"rendered":"Robaron un monitor del hospital"},"content":{"rendered":"<p><!-- VideographyWP Plugin Message: Automatic video embedding prevented by plugin options. --><br \/>\nNuevamente un hecho delictivo ocurri\u00f3 este jueves en el Hospital de nuestra ciudad, en este caso sucedi\u00f3 en el area de Salud Mental.<\/p>\n<p>Desde el interior  constataron que las ventanas estaban abiertas y que los delincuentes pudieron sustraer un monitor LCD desde all\u00ed, dejando el CPU en el piso intentando sustraerlo tambi\u00e9n.<\/p>\n<p>El hecho se encuentra en investigaci\u00f3n, donde el Director del Hospital puso a disposici\u00f3n las c\u00e1maras del lugar.<\/p>\n","protected":false},"excerpt":{"rendered":"<p>Nuevamente un hecho delictivo ocurri\u00f3 este jueves en el Hospital de nuestra ciudad, en este caso sucedi\u00f3 en el area de Salud Mental. Desde el interior constataron que las ventanas estaban abiertas y que los delincuentes pudieron sustraer un monitor LCD desde all\u00ed, dejando el CPU en el piso intentando sustraerlo tambi\u00e9n. El hecho se [&hellip;]<\/p>\n","protected":false},"author":4,"featured_media":38931,"comment_status":"open","ping_status":"closed","sticky":false,"template":"","format":"standard","meta":{"om_disable_all_campaigns":false,"_jetpack_memberships_contains_paid_content":false,"footnotes":""},"categories":[2,103],"tags":[],"class_list":["post-38930","post","type-post","status-publish","format-standard","has-post-thumbnail","hentry","category-locales","category-policiales-locales"],"aioseo_notices":[],"gutentor_comment":0,"jetpack_featured_media_url":"https:\/\/eldiariodesanpedro.com.ar\/sitio\/wp-content\/uploads\/2018\/08\/5133697-1.jpg","jetpack_shortlink":"https:\/\/wp.me\/p6RhLt-a7U","jetpack_sharing_enabled":true,"_links":{"self":[{"href":"https:\/\/eldiariodesanpedro.com.ar\/sitio\/wp-json\/wp\/v2\/posts\/38930","targetHints":{"allow":["GET"]}}],"collection":[{"href":"https:\/\/eldiariodesanpedro.com.ar\/sitio\/wp-json\/wp\/v2\/posts"}],"about":[{"href":"https:\/\/eldiariodesanpedro.com.ar\/sitio\/wp-json\/wp\/v2\/types\/post"}],"author":[{"embeddable":true,"href":"https:\/\/eldiariodesanpedro.com.ar\/sitio\/wp-json\/wp\/v2\/users\/4"}],"replies":[{"embeddable":true,"href":"https:\/\/eldiariodesanpedro.com.ar\/sitio\/wp-json\/wp\/v2\/comments?post=38930"}],"version-history":[{"count":1,"href":"https:\/\/eldiariodesanpedro.com.ar\/sitio\/wp-json\/wp\/v2\/posts\/38930\/revisions"}],"predecessor-version":[{"id":38932,"href":"https:\/\/eldiariodesanpedro.com.ar\/sitio\/wp-json\/wp\/v2\/posts\/38930\/revisions\/38932"}],"wp:featuredmedia":[{"embeddable":true,"href":"https:\/\/eldiariodesanpedro.com.ar\/sitio\/wp-json\/wp\/v2\/media\/38931"}],"wp:attachment":[{"href":"https:\/\/eldiariodesanpedro.com.ar\/sitio\/wp-json\/wp\/v2\/media?parent=38930"}],"wp:term":[{"taxonomy":"category","embeddable":true,"href":"https:\/\/eldiariodesanpedro.com.ar\/sitio\/wp-json\/wp\/v2\/categories?post=38930"},{"taxonomy":"post_tag","embeddable":true,"href":"https:\/\/eldiariodesanpedro.com.ar\/sitio\/wp-json\/wp\/v2\/tags?post=38930"}],"curies":[{"name":"wp","href":"https:\/\/api.w.org\/{rel}","templated":true}]}}