{"id":38922,"date":"2018-08-23T20:36:12","date_gmt":"2018-08-23T23:36:12","guid":{"rendered":"https:\/\/eldiariodesanpedro.com.ar\/sitio\/?p=38922"},"modified":"2018-08-23T20:36:12","modified_gmt":"2018-08-23T23:36:12","slug":"bomberos-sofocaron-el-incendio-de-una-vivienda","status":"publish","type":"post","link":"https:\/\/eldiariodesanpedro.com.ar\/sitio\/bomberos-sofocaron-el-incendio-de-una-vivienda\/","title":{"rendered":"Bomberos sofocaron el incendio de una vivienda"},"content":{"rendered":"<p><!-- VideographyWP Plugin Message: Automatic video embedding prevented by plugin options. --><br \/>\nUna unidad del cuartel central acudi\u00f3 a una propiedad de calle Lavalle donde se hab\u00eda generado el siniestro.<\/p>\n<p>  Una dotaci\u00f3n del cuerpo de Bomberos Voluntarios de nuestra ciudad debi\u00f3 intervenir en un incendio desatado en una propiedad ubicada sobre calle Lavalle al 1400.<br \/>\n  El siniestro se origin\u00f3 alrededor de las 23 hs en una de las dependencias de la casa y, afortunadamente, fue r\u00e1pidamente sofocado.<\/p>\n","protected":false},"excerpt":{"rendered":"<p>Una unidad del cuartel central acudi\u00f3 a una propiedad de calle Lavalle donde se hab\u00eda generado el siniestro. Una dotaci\u00f3n del cuerpo de Bomberos Voluntarios de nuestra ciudad debi\u00f3 intervenir en un incendio desatado en una propiedad ubicada sobre calle Lavalle al 1400. El siniestro se origin\u00f3 alrededor de las 23 hs en una de [&hellip;]<\/p>\n","protected":false},"author":4,"featured_media":38924,"comment_status":"open","ping_status":"closed","sticky":false,"template":"","format":"standard","meta":{"om_disable_all_campaigns":false,"_jetpack_memberships_contains_paid_content":false,"footnotes":""},"categories":[2,103],"tags":[],"class_list":["post-38922","post","type-post","status-publish","format-standard","has-post-thumbnail","hentry","category-locales","category-policiales-locales"],"aioseo_notices":[],"gutentor_comment":0,"jetpack_featured_media_url":"https:\/\/eldiariodesanpedro.com.ar\/sitio\/wp-content\/uploads\/2018\/08\/Bomberos-sofocaron-el-incendio-de-una-vivienda.jpg","jetpack_shortlink":"https:\/\/wp.me\/p6RhLt-a7M","jetpack_sharing_enabled":true,"_links":{"self":[{"href":"https:\/\/eldiariodesanpedro.com.ar\/sitio\/wp-json\/wp\/v2\/posts\/38922","targetHints":{"allow":["GET"]}}],"collection":[{"href":"https:\/\/eldiariodesanpedro.com.ar\/sitio\/wp-json\/wp\/v2\/posts"}],"about":[{"href":"https:\/\/eldiariodesanpedro.com.ar\/sitio\/wp-json\/wp\/v2\/types\/post"}],"author":[{"embeddable":true,"href":"https:\/\/eldiariodesanpedro.com.ar\/sitio\/wp-json\/wp\/v2\/users\/4"}],"replies":[{"embeddable":true,"href":"https:\/\/eldiariodesanpedro.com.ar\/sitio\/wp-json\/wp\/v2\/comments?post=38922"}],"version-history":[{"count":1,"href":"https:\/\/eldiariodesanpedro.com.ar\/sitio\/wp-json\/wp\/v2\/posts\/38922\/revisions"}],"predecessor-version":[{"id":38925,"href":"https:\/\/eldiariodesanpedro.com.ar\/sitio\/wp-json\/wp\/v2\/posts\/38922\/revisions\/38925"}],"wp:featuredmedia":[{"embeddable":true,"href":"https:\/\/eldiariodesanpedro.com.ar\/sitio\/wp-json\/wp\/v2\/media\/38924"}],"wp:attachment":[{"href":"https:\/\/eldiariodesanpedro.com.ar\/sitio\/wp-json\/wp\/v2\/media?parent=38922"}],"wp:term":[{"taxonomy":"category","embeddable":true,"href":"https:\/\/eldiariodesanpedro.com.ar\/sitio\/wp-json\/wp\/v2\/categories?post=38922"},{"taxonomy":"post_tag","embeddable":true,"href":"https:\/\/eldiariodesanpedro.com.ar\/sitio\/wp-json\/wp\/v2\/tags?post=38922"}],"curies":[{"name":"wp","href":"https:\/\/api.w.org\/{rel}","templated":true}]}}