{"id":38916,"date":"2018-08-23T19:40:16","date_gmt":"2018-08-23T22:40:16","guid":{"rendered":"https:\/\/eldiariodesanpedro.com.ar\/sitio\/?p=38916"},"modified":"2026-01-24T00:11:10","modified_gmt":"2026-01-24T03:11:10","slug":"yachting-la-flota-en-el-gpl-de-santa-fe","status":"publish","type":"post","link":"https:\/\/eldiariodesanpedro.com.ar\/sitio\/yachting-la-flota-en-el-gpl-de-santa-fe\/","title":{"rendered":"YACHTING: La flota en el GPL de Santa Fe"},"content":{"rendered":"<p><!-- VideographyWP Plugin Message: Automatic video embedding prevented by plugin options. --><br \/>\n  Completando dos fines de semana consecutivos de viajes y estad\u00edas largos en uno de los puntos m\u00e1s distantes del calendario anual del GPL, la flota del Club N\u00e1utico San Pedro asisti\u00f3 a Santa Fe en donde con el marco de la Laguna Setubal se corri\u00f3 la fecha n\u00famero 7 de este competitivo torneo en el que los chicos son permanentes animadores. Despu\u00e9s de la fecha anterior en Paran\u00e1, ahora en Santa Fe y con la organizaci\u00f3n Yacht Club de esa localidad se cerr\u00f3 de este modo la semana de la laguna que lleva ese nombre. Los resultados fueron los siguientes.<br \/>\n  La flota de N\u00e1utico compiti\u00f3 el fin de semana en la s\u00e9ptima fecha del Gran Prix del Litoral (GPL) que se llev\u00f3 a cabo en el Yacht Club Santa Fe (YCSF) en el marco de la Semana de la Set\u00fabal.<\/p>\n<p>  En l\u00e1ser radial con 11 inscriptos Iv\u00e1n Luppi logr\u00f3 el primer puesto y Malena Sciarra el sexto. En Laser Stand Alejandro Mattoso fue cuarto. En optimist se anotaron 127 barcos y clasificaron de este modo: Francina Paz 4\u00aa (1\u00aa femenina), Francisco G\u00f3mez 5\u00ba (1\u00b0 infantil), Lucio Fenouil 8\u00b0, Marco Limardo 10\u00b0, Delfina Kuttel 14\u00aa, Nahuel Malacalza 17\u00b0, Juan Bartolom\u00e9 Cha Vaccari 37\u00b0, Milena Muscia 60\u00aa y Lucas Hidalgo 66\u00b0. Tambi\u00e9n fueron parte del grupo Emma Berwet, Bruno Drago, Clara Mattoso, Catalina G\u00f3mez y Joaqu\u00edn Jauregui.<\/p>\n","protected":false},"excerpt":{"rendered":"<p>Completando dos fines de semana consecutivos de viajes y estad\u00edas largos en uno de los puntos m\u00e1s distantes del calendario anual del GPL, la flota del Club N\u00e1utico San Pedro asisti\u00f3 a Santa Fe en donde con el marco de la Laguna Setubal se corri\u00f3 la fecha n\u00famero 7 de este competitivo torneo en el [&hellip;]<\/p>\n","protected":false},"author":4,"featured_media":36860,"comment_status":"open","ping_status":"closed","sticky":false,"template":"","format":"standard","meta":{"om_disable_all_campaigns":false,"_jetpack_memberships_contains_paid_content":false,"footnotes":""},"categories":[5],"tags":[],"class_list":["post-38916","post","type-post","status-publish","format-standard","has-post-thumbnail","hentry","category-deportes"],"aioseo_notices":[],"gutentor_comment":0,"jetpack_featured_media_url":"https:\/\/eldiariodesanpedro.com.ar\/sitio\/wp-content\/uploads\/2018\/07\/yachting-campeones-mundiales.jpg","jetpack_shortlink":"https:\/\/wp.me\/p6RhLt-a7G","jetpack_sharing_enabled":true,"_links":{"self":[{"href":"https:\/\/eldiariodesanpedro.com.ar\/sitio\/wp-json\/wp\/v2\/posts\/38916","targetHints":{"allow":["GET"]}}],"collection":[{"href":"https:\/\/eldiariodesanpedro.com.ar\/sitio\/wp-json\/wp\/v2\/posts"}],"about":[{"href":"https:\/\/eldiariodesanpedro.com.ar\/sitio\/wp-json\/wp\/v2\/types\/post"}],"author":[{"embeddable":true,"href":"https:\/\/eldiariodesanpedro.com.ar\/sitio\/wp-json\/wp\/v2\/users\/4"}],"replies":[{"embeddable":true,"href":"https:\/\/eldiariodesanpedro.com.ar\/sitio\/wp-json\/wp\/v2\/comments?post=38916"}],"version-history":[{"count":2,"href":"https:\/\/eldiariodesanpedro.com.ar\/sitio\/wp-json\/wp\/v2\/posts\/38916\/revisions"}],"predecessor-version":[{"id":38919,"href":"https:\/\/eldiariodesanpedro.com.ar\/sitio\/wp-json\/wp\/v2\/posts\/38916\/revisions\/38919"}],"wp:featuredmedia":[{"embeddable":true,"href":"https:\/\/eldiariodesanpedro.com.ar\/sitio\/wp-json\/wp\/v2\/media\/36860"}],"wp:attachment":[{"href":"https:\/\/eldiariodesanpedro.com.ar\/sitio\/wp-json\/wp\/v2\/media?parent=38916"}],"wp:term":[{"taxonomy":"category","embeddable":true,"href":"https:\/\/eldiariodesanpedro.com.ar\/sitio\/wp-json\/wp\/v2\/categories?post=38916"},{"taxonomy":"post_tag","embeddable":true,"href":"https:\/\/eldiariodesanpedro.com.ar\/sitio\/wp-json\/wp\/v2\/tags?post=38916"}],"curies":[{"name":"wp","href":"https:\/\/api.w.org\/{rel}","templated":true}]}}