{"id":38911,"date":"2018-08-23T19:36:50","date_gmt":"2018-08-23T22:36:50","guid":{"rendered":"https:\/\/eldiariodesanpedro.com.ar\/sitio\/?p=38911"},"modified":"2026-01-24T00:11:10","modified_gmt":"2026-01-24T03:11:10","slug":"nacional-sub-15-el-selectivo-sub-15-igualo-ante-arrecifes-como-local","status":"publish","type":"post","link":"https:\/\/eldiariodesanpedro.com.ar\/sitio\/nacional-sub-15-el-selectivo-sub-15-igualo-ante-arrecifes-como-local\/","title":{"rendered":"NACIONAL SUB 15: El selectivo Sub 15 igual\u00f3 ante Arrecifes como local"},"content":{"rendered":"<p><!-- VideographyWP Plugin Message: Automatic video embedding prevented by plugin options. --><br \/>\n  En cotejo v\u00e1lido por la segunda fecha del torneo Nacional Sub 15 de Selecciones, San Pedro igual\u00f3 ante Arrecifes 1-1 en cotejo disputado en nuestra ciudad. Los goles fueron de Palavecino para el local y Heredia para la visita. Hubo dos expulsados. <\/p>\n<p><strong>S\u00edntesis<\/strong><br \/>\nSan Pedro 1 &#8211; Arrecifes 1<br \/>\nSan Pedro: Augusto Azimonti, Manuel Butti, Benjam\u00edn Z\u00e1rate, Benjam\u00edn Corbal\u00e1n, Genaro Novaro, Ignacio Tod\u00f3n, Ger\u00f3nimo Cabrera, M\u00e1ximo Giolito, Manuel Palavecino, Joaqu\u00edn Vaquero y Juan Zapata. DT: Gerardo Biain. Relevos: Andr\u00e9s Biain, Jord\u00e1n Molina, Genaro Vulcano, Alan Fern\u00e1ndez, Diego D\u00edaz, Valent\u00edn Saucedo y Juli\u00e1n Barrios.<br \/>\nArrecifes: Tom\u00e1s Ripoll, Valentino Tarilo, Mat\u00edas Rocha, Marcos Albeira, Joaqu\u00edn Jaroszyk, Constanzo Heredia, Valent\u00edn Aguirre, Nazareno Bocanera, Santino Fortina, Mateo Barrientos y Juan Carretero. DT: Leonel Franquet. Relevos: Juli\u00e1n Zaffaroni, Francisco Torres, Marcelo Galv\u00e1n, Am\u00edlcar Villa, Bautista Mindurry, Hugo Guerra y Juan Baldomar.<\/p>\n<p>Goles: 30m Manuel Palavecino (San Pedro) y 37m Constanzo Heredia (Arrecifes)<br \/>\nIncidencias: Exp. 72m Manuel Palavecino (San Pedro) y 79m Joaqu\u00edn Jaroszyk (Arrecifes).<br \/>\n\u00c1rbitro: Blas Armando Gonz\u00e1lez.<br \/>\nAsistentes: Jos\u00e9 D\u2019Adamo y David Aristy (todos de la liga nicole\u00f1a de f\u00fatbol).<\/p>\n<p>  La segunda fecha se jug\u00f3 parcial, ya que Vedia- Jun\u00edn reprogramaron para este jueves a las 20:30 su cotejo. Pergamino le gan\u00f3 a S. A. de Areco y es puntero del grupo, mientras que, en otra zona Baradero es l\u00edder luego de empatar con San Nicol\u00e1s<\/p>\n<p><strong>Todos lo resultados<\/strong><br \/>\n<em>Zona A<\/em><br \/>\nChacabuco 1 &#8211; Chivilcoy 1<br \/>\nRojas 1- Salto 0<\/p>\n<p><em>Zona B <\/em><br \/>\nCol\u00f3n 1 &#8211; G. Arenales 1<br \/>\nVedia vs Jun\u00edn (Juegan jueves 20,30 horas, cancha de Sarmiento de Vedia)<\/p>\n<p><em>Zona C<\/em><br \/>\nSan Pedro 1 &#8211; Arrecifes 1<br \/>\nSan Antonio de Areco 0- Pergamino 1 (Gol de Bruno Quiroz)<\/p>\n<p><em>Zona D<\/em><br \/>\nBaradero 0 &#8211; San Nicol\u00e1s 0<br \/>\nLibre: Z\u00e1rate<\/p>\n<p><img decoding=\"async\" data-attachment-id=\"38914\" data-permalink=\"https:\/\/eldiariodesanpedro.com.ar\/sitio\/nacional-sub-15-el-selectivo-sub-15-igualo-ante-arrecifes-como-local\/posiciones-proxima-fecha-info-24-08-2018\/\" data-orig-file=\"https:\/\/eldiariodesanpedro.com.ar\/sitio\/wp-content\/uploads\/2018\/08\/posiciones-proxima-fecha-info-24-08-2018.jpg\" data-orig-size=\"998,1126\" data-comments-opened=\"1\" data-image-meta=\"{&quot;aperture&quot;:&quot;0&quot;,&quot;credit&quot;:&quot;Fernando Bettendorff&quot;,&quot;camera&quot;:&quot;&quot;,&quot;caption&quot;:&quot;&quot;,&quot;created_timestamp&quot;:&quot;1535051127&quot;,&quot;copyright&quot;:&quot;&quot;,&quot;focal_length&quot;:&quot;0&quot;,&quot;iso&quot;:&quot;0&quot;,&quot;shutter_speed&quot;:&quot;0&quot;,&quot;title&quot;:&quot;&quot;,&quot;orientation&quot;:&quot;0&quot;}\" data-image-title=\"posiciones proxima fecha info 24-08-2018\" data-image-description=\"\" data-image-caption=\"\" data-large-file=\"https:\/\/eldiariodesanpedro.com.ar\/sitio\/wp-content\/uploads\/2018\/08\/posiciones-proxima-fecha-info-24-08-2018-908x1024.jpg\" data-src=\"https:\/\/eldiariodesanpedro.com.ar\/sitio\/wp-content\/uploads\/2018\/08\/posiciones-proxima-fecha-info-24-08-2018-908x1024.jpg\" alt=\"\" width=\"660\" height=\"744\" class=\"alignnone size-large wp-image-38914 lazyload\" data-srcset=\"https:\/\/eldiariodesanpedro.com.ar\/sitio\/wp-content\/uploads\/2018\/08\/posiciones-proxima-fecha-info-24-08-2018-908x1024.jpg 908w, https:\/\/eldiariodesanpedro.com.ar\/sitio\/wp-content\/uploads\/2018\/08\/posiciones-proxima-fecha-info-24-08-2018-266x300.jpg 266w, https:\/\/eldiariodesanpedro.com.ar\/sitio\/wp-content\/uploads\/2018\/08\/posiciones-proxima-fecha-info-24-08-2018-768x867.jpg 768w, https:\/\/eldiariodesanpedro.com.ar\/sitio\/wp-content\/uploads\/2018\/08\/posiciones-proxima-fecha-info-24-08-2018.jpg 998w\" data-sizes=\"(max-width: 660px) 100vw, 660px\" src=\"data:image\/svg+xml;base64,PHN2ZyB3aWR0aD0iMSIgaGVpZ2h0PSIxIiB4bWxucz0iaHR0cDovL3d3dy53My5vcmcvMjAwMC9zdmciPjwvc3ZnPg==\" style=\"--smush-placeholder-width: 660px; --smush-placeholder-aspect-ratio: 660\/744;\" \/><\/p>\n","protected":false},"excerpt":{"rendered":"<p>En cotejo v\u00e1lido por la segunda fecha del torneo Nacional Sub 15 de Selecciones, San Pedro igual\u00f3 ante Arrecifes 1-1 en cotejo disputado en nuestra ciudad. Los goles fueron de Palavecino para el local y Heredia para la visita. Hubo dos expulsados. S\u00edntesis San Pedro 1 &#8211; Arrecifes 1 San Pedro: Augusto Azimonti, Manuel Butti, [&hellip;]<\/p>\n","protected":false},"author":4,"featured_media":38913,"comment_status":"open","ping_status":"closed","sticky":false,"template":"","format":"standard","meta":{"om_disable_all_campaigns":false,"_jetpack_memberships_contains_paid_content":false,"footnotes":""},"categories":[5],"tags":[],"class_list":["post-38911","post","type-post","status-publish","format-standard","has-post-thumbnail","hentry","category-deportes"],"aioseo_notices":[],"gutentor_comment":0,"jetpack_featured_media_url":"https:\/\/eldiariodesanpedro.com.ar\/sitio\/wp-content\/uploads\/2018\/08\/San-Pedro-jugar\u00e1-tres-partidos-seguidos-como-local.jpg","jetpack_shortlink":"https:\/\/wp.me\/p6RhLt-a7B","jetpack_sharing_enabled":true,"_links":{"self":[{"href":"https:\/\/eldiariodesanpedro.com.ar\/sitio\/wp-json\/wp\/v2\/posts\/38911","targetHints":{"allow":["GET"]}}],"collection":[{"href":"https:\/\/eldiariodesanpedro.com.ar\/sitio\/wp-json\/wp\/v2\/posts"}],"about":[{"href":"https:\/\/eldiariodesanpedro.com.ar\/sitio\/wp-json\/wp\/v2\/types\/post"}],"author":[{"embeddable":true,"href":"https:\/\/eldiariodesanpedro.com.ar\/sitio\/wp-json\/wp\/v2\/users\/4"}],"replies":[{"embeddable":true,"href":"https:\/\/eldiariodesanpedro.com.ar\/sitio\/wp-json\/wp\/v2\/comments?post=38911"}],"version-history":[{"count":1,"href":"https:\/\/eldiariodesanpedro.com.ar\/sitio\/wp-json\/wp\/v2\/posts\/38911\/revisions"}],"predecessor-version":[{"id":38917,"href":"https:\/\/eldiariodesanpedro.com.ar\/sitio\/wp-json\/wp\/v2\/posts\/38911\/revisions\/38917"}],"wp:featuredmedia":[{"embeddable":true,"href":"https:\/\/eldiariodesanpedro.com.ar\/sitio\/wp-json\/wp\/v2\/media\/38913"}],"wp:attachment":[{"href":"https:\/\/eldiariodesanpedro.com.ar\/sitio\/wp-json\/wp\/v2\/media?parent=38911"}],"wp:term":[{"taxonomy":"category","embeddable":true,"href":"https:\/\/eldiariodesanpedro.com.ar\/sitio\/wp-json\/wp\/v2\/categories?post=38911"},{"taxonomy":"post_tag","embeddable":true,"href":"https:\/\/eldiariodesanpedro.com.ar\/sitio\/wp-json\/wp\/v2\/tags?post=38911"}],"curies":[{"name":"wp","href":"https:\/\/api.w.org\/{rel}","templated":true}]}}