{"id":38910,"date":"2018-08-23T19:35:49","date_gmt":"2018-08-23T22:35:49","guid":{"rendered":"https:\/\/eldiariodesanpedro.com.ar\/sitio\/?p=38910"},"modified":"2026-01-24T00:11:11","modified_gmt":"2026-01-24T03:11:11","slug":"natacion-cuatro-sampedrinos-en-seleccion-de-fannba","status":"publish","type":"post","link":"https:\/\/eldiariodesanpedro.com.ar\/sitio\/natacion-cuatro-sampedrinos-en-seleccion-de-fannba\/","title":{"rendered":"NATACI\u00d3N: Cuatro sampedrinos en selecci\u00f3n de FANNBA"},"content":{"rendered":"<p><!-- VideographyWP Plugin Message: Automatic video embedding prevented by plugin options. --><br \/>\n  Pedro Adrover, Antonio \u00c1lvarez (CNSP), Juli\u00e1n Mariani y Abril Guti\u00e9rrez (CPyNSP) participar\u00e1n este s\u00e1bado en el CAMPUS de selecciones de la Provincia de Buenos Aires de las categor\u00edas infantiles 1, 2 y menores 1 en el natatorio ol\u00edmpico del CeNARD representando a la Federaci\u00f3n de aficionados de Nataci\u00f3n del Norte de la Provincia de Buenos Aires (FANNBA). Acompa\u00f1ados por sus entrenadores ser\u00e1 de 14:00 a 18:00 horas en el centro Nacional de Alto Rendimiento Deportivo (CeNARD).<\/p>\n","protected":false},"excerpt":{"rendered":"<p>Pedro Adrover, Antonio \u00c1lvarez (CNSP), Juli\u00e1n Mariani y Abril Guti\u00e9rrez (CPyNSP) participar\u00e1n este s\u00e1bado en el CAMPUS de selecciones de la Provincia de Buenos Aires de las categor\u00edas infantiles 1, 2 y menores 1 en el natatorio ol\u00edmpico del CeNARD representando a la Federaci\u00f3n de aficionados de Nataci\u00f3n del Norte de la Provincia de Buenos [&hellip;]<\/p>\n","protected":false},"author":4,"featured_media":38912,"comment_status":"open","ping_status":"closed","sticky":false,"template":"","format":"standard","meta":{"om_disable_all_campaigns":false,"_jetpack_memberships_contains_paid_content":false,"footnotes":""},"categories":[5],"tags":[],"class_list":["post-38910","post","type-post","status-publish","format-standard","has-post-thumbnail","hentry","category-deportes"],"aioseo_notices":[],"gutentor_comment":0,"jetpack_featured_media_url":"https:\/\/eldiariodesanpedro.com.ar\/sitio\/wp-content\/uploads\/2018\/08\/Excelente-momento-de-Pedro-Adrover.-Viene-de-consagrarse-doble-campe\u00f3n-nacional.jpg","jetpack_shortlink":"https:\/\/wp.me\/p6RhLt-a7A","jetpack_sharing_enabled":true,"_links":{"self":[{"href":"https:\/\/eldiariodesanpedro.com.ar\/sitio\/wp-json\/wp\/v2\/posts\/38910","targetHints":{"allow":["GET"]}}],"collection":[{"href":"https:\/\/eldiariodesanpedro.com.ar\/sitio\/wp-json\/wp\/v2\/posts"}],"about":[{"href":"https:\/\/eldiariodesanpedro.com.ar\/sitio\/wp-json\/wp\/v2\/types\/post"}],"author":[{"embeddable":true,"href":"https:\/\/eldiariodesanpedro.com.ar\/sitio\/wp-json\/wp\/v2\/users\/4"}],"replies":[{"embeddable":true,"href":"https:\/\/eldiariodesanpedro.com.ar\/sitio\/wp-json\/wp\/v2\/comments?post=38910"}],"version-history":[{"count":1,"href":"https:\/\/eldiariodesanpedro.com.ar\/sitio\/wp-json\/wp\/v2\/posts\/38910\/revisions"}],"predecessor-version":[{"id":38915,"href":"https:\/\/eldiariodesanpedro.com.ar\/sitio\/wp-json\/wp\/v2\/posts\/38910\/revisions\/38915"}],"wp:featuredmedia":[{"embeddable":true,"href":"https:\/\/eldiariodesanpedro.com.ar\/sitio\/wp-json\/wp\/v2\/media\/38912"}],"wp:attachment":[{"href":"https:\/\/eldiariodesanpedro.com.ar\/sitio\/wp-json\/wp\/v2\/media?parent=38910"}],"wp:term":[{"taxonomy":"category","embeddable":true,"href":"https:\/\/eldiariodesanpedro.com.ar\/sitio\/wp-json\/wp\/v2\/categories?post=38910"},{"taxonomy":"post_tag","embeddable":true,"href":"https:\/\/eldiariodesanpedro.com.ar\/sitio\/wp-json\/wp\/v2\/tags?post=38910"}],"curies":[{"name":"wp","href":"https:\/\/api.w.org\/{rel}","templated":true}]}}