{"id":38903,"date":"2018-08-23T11:54:46","date_gmt":"2018-08-23T14:54:46","guid":{"rendered":"https:\/\/eldiariodesanpedro.com.ar\/sitio\/?p=38903"},"modified":"2018-08-23T11:54:46","modified_gmt":"2018-08-23T14:54:46","slug":"hubo-una-rreunion-sobre-la-inseguridad-en-rio-tala-a-pedido-de-los-vecinos","status":"publish","type":"post","link":"https:\/\/eldiariodesanpedro.com.ar\/sitio\/hubo-una-rreunion-sobre-la-inseguridad-en-rio-tala-a-pedido-de-los-vecinos\/","title":{"rendered":"Hubo una Rreuni\u00f3n sobre la inseguridad en R\u00edo Tala a pedido de los vecinos"},"content":{"rendered":"<p><!-- VideographyWP Plugin Message: Automatic video embedding prevented by plugin options. --><br \/>\nEn el transcurso del dia miercoles, se realizo una reuni\u00f3n inesperada en la localidad vecina de R\u00edo Tala, para tratar el tema de la inseguridad y la seguridad que falta much\u00edsimo.<\/p>\n<p>Participaron de la misma el Comisario de la Polic\u00eda local, Carlos Calder\u00f3n, Comisario de la Polic\u00eda de San Pedro, Juan Ram\u00f3n Catalano, Jefe de Destacamento R\u00edo Tala, Batista, el Presidente del Foro de Seguridad, Roberto G\u00f3mez, los concejales, Garavaglia y Lafalce, el Coordinador de la Polic\u00eda, Juan Carlos Ag\u00fcero, el Delegado de R\u00edo Tala, Juan Hernandez, y vecinos de la localidad, qui\u00e9nes trajeron sus inquietudes, ante la inseguridad que viven a diario. <\/p>\n<p>Este medio dialogo con Natalia Romero, Directora y locutora  de la radio FM Republica y nos contaba: \u00aben realidad vinieron a escuchar las inquietudes de los vecinos, que fueron  qui\u00e9nes solicitaron la reuni\u00f3n, ante tantos robos ocurridos en estas \u00faltimas semanas, sobre todo a instituciones del Pueblo; se presentaron algunos pedidos, como el Director de Secundaria, que solicit\u00f3 que la policia local vuelva en los horarios de recreo, ante disturbios de algunos j\u00f3venes, se comentaron falencias en el destacamento, se solicit\u00f3 refuerzos, ya que son pocos efectivos y patrullero para lo que se increment\u00f3 demogr\u00e1ficamente Rio Tala\u00bb.<\/p>\n","protected":false},"excerpt":{"rendered":"<p>En el transcurso del dia miercoles, se realizo una reuni\u00f3n inesperada en la localidad vecina de R\u00edo Tala, para tratar el tema de la inseguridad y la seguridad que falta much\u00edsimo. Participaron de la misma el Comisario de la Polic\u00eda local, Carlos Calder\u00f3n, Comisario de la Polic\u00eda de San Pedro, Juan Ram\u00f3n Catalano, Jefe de [&hellip;]<\/p>\n","protected":false},"author":4,"featured_media":38906,"comment_status":"open","ping_status":"closed","sticky":false,"template":"","format":"standard","meta":{"om_disable_all_campaigns":false,"_jetpack_memberships_contains_paid_content":false,"footnotes":""},"categories":[101,2],"tags":[],"class_list":["post-38903","post","type-post","status-publish","format-standard","has-post-thumbnail","hentry","category-interes-general-locales","category-locales"],"aioseo_notices":[],"gutentor_comment":0,"jetpack_featured_media_url":"https:\/\/eldiariodesanpedro.com.ar\/sitio\/wp-content\/uploads\/2018\/08\/39876081_967316283441035_470859781511315456_n.jpg","jetpack_shortlink":"https:\/\/wp.me\/p6RhLt-a7t","jetpack_sharing_enabled":true,"_links":{"self":[{"href":"https:\/\/eldiariodesanpedro.com.ar\/sitio\/wp-json\/wp\/v2\/posts\/38903","targetHints":{"allow":["GET"]}}],"collection":[{"href":"https:\/\/eldiariodesanpedro.com.ar\/sitio\/wp-json\/wp\/v2\/posts"}],"about":[{"href":"https:\/\/eldiariodesanpedro.com.ar\/sitio\/wp-json\/wp\/v2\/types\/post"}],"author":[{"embeddable":true,"href":"https:\/\/eldiariodesanpedro.com.ar\/sitio\/wp-json\/wp\/v2\/users\/4"}],"replies":[{"embeddable":true,"href":"https:\/\/eldiariodesanpedro.com.ar\/sitio\/wp-json\/wp\/v2\/comments?post=38903"}],"version-history":[{"count":1,"href":"https:\/\/eldiariodesanpedro.com.ar\/sitio\/wp-json\/wp\/v2\/posts\/38903\/revisions"}],"predecessor-version":[{"id":38907,"href":"https:\/\/eldiariodesanpedro.com.ar\/sitio\/wp-json\/wp\/v2\/posts\/38903\/revisions\/38907"}],"wp:featuredmedia":[{"embeddable":true,"href":"https:\/\/eldiariodesanpedro.com.ar\/sitio\/wp-json\/wp\/v2\/media\/38906"}],"wp:attachment":[{"href":"https:\/\/eldiariodesanpedro.com.ar\/sitio\/wp-json\/wp\/v2\/media?parent=38903"}],"wp:term":[{"taxonomy":"category","embeddable":true,"href":"https:\/\/eldiariodesanpedro.com.ar\/sitio\/wp-json\/wp\/v2\/categories?post=38903"},{"taxonomy":"post_tag","embeddable":true,"href":"https:\/\/eldiariodesanpedro.com.ar\/sitio\/wp-json\/wp\/v2\/tags?post=38903"}],"curies":[{"name":"wp","href":"https:\/\/api.w.org\/{rel}","templated":true}]}}