{"id":38896,"date":"2018-08-23T10:58:13","date_gmt":"2018-08-23T13:58:13","guid":{"rendered":"https:\/\/eldiariodesanpedro.com.ar\/sitio\/?p=38896"},"modified":"2018-08-23T11:06:42","modified_gmt":"2018-08-23T14:06:42","slug":"jornada-del-organismo-provincial-de-la-ninez-2","status":"publish","type":"post","link":"https:\/\/eldiariodesanpedro.com.ar\/sitio\/jornada-del-organismo-provincial-de-la-ninez-2\/","title":{"rendered":"Jornada del Organismo Provincial de la Ni\u00f1ez"},"content":{"rendered":"<p><!-- VideographyWP Plugin Message: Automatic video embedding prevented by plugin options. --><br \/>\nLa Municipalidad de San Pedro a trav\u00e9s de la Secretar\u00eda de Desarrollo Humano y el Instituto Domingo Faustino Sarmiento fueron anfitriones de la jornada organizada por el Organismo Provincial de la Ni\u00f1ez y Adolescencia para la Formaci\u00f3n de Cuidadores y Educadores de NNyA en Instituciones de Cuidado Alternativo en pasado mi\u00e9rcoles en la Casona de Turismo,<\/p>\n<p>La charla estuvo a  cargo del Licenciado Mart\u00edn Paolini, quien dict\u00f3 un taller con el fin de fortalecer las capacidades de cuidado desde un espacio de intercambio, reflexi\u00f3n y formaci\u00f3n sobre pr\u00e1cticas pedag\u00f3gicas orientadas a criterios comunes de intervenci\u00f3n.<\/p>\n<p>Fueron invitados a la actividad, referentes de la administraci\u00f3n p\u00fablica, municipal (Servicio local), provincial (Zonal) afectados al acompa\u00f1amiento de instituciones convivenciales del distrito, Casas de Abrigo y personal de hogares convivenciales.<\/p>\n","protected":false},"excerpt":{"rendered":"<p>La Municipalidad de San Pedro a trav\u00e9s de la Secretar\u00eda de Desarrollo Humano y el Instituto Domingo Faustino Sarmiento fueron anfitriones de la jornada organizada por el Organismo Provincial de la Ni\u00f1ez y Adolescencia para la Formaci\u00f3n de Cuidadores y Educadores de NNyA en Instituciones de Cuidado Alternativo en pasado mi\u00e9rcoles en la Casona de [&hellip;]<\/p>\n","protected":false},"author":4,"featured_media":38897,"comment_status":"open","ping_status":"closed","sticky":false,"template":"","format":"standard","meta":{"om_disable_all_campaigns":false,"_jetpack_memberships_contains_paid_content":false,"footnotes":""},"categories":[101,2],"tags":[],"class_list":["post-38896","post","type-post","status-publish","format-standard","has-post-thumbnail","hentry","category-interes-general-locales","category-locales"],"aioseo_notices":[],"gutentor_comment":0,"jetpack_featured_media_url":"https:\/\/eldiariodesanpedro.com.ar\/sitio\/wp-content\/uploads\/2018\/08\/pastedImage-10.png","jetpack_shortlink":"https:\/\/wp.me\/p6RhLt-a7m","jetpack_sharing_enabled":true,"_links":{"self":[{"href":"https:\/\/eldiariodesanpedro.com.ar\/sitio\/wp-json\/wp\/v2\/posts\/38896","targetHints":{"allow":["GET"]}}],"collection":[{"href":"https:\/\/eldiariodesanpedro.com.ar\/sitio\/wp-json\/wp\/v2\/posts"}],"about":[{"href":"https:\/\/eldiariodesanpedro.com.ar\/sitio\/wp-json\/wp\/v2\/types\/post"}],"author":[{"embeddable":true,"href":"https:\/\/eldiariodesanpedro.com.ar\/sitio\/wp-json\/wp\/v2\/users\/4"}],"replies":[{"embeddable":true,"href":"https:\/\/eldiariodesanpedro.com.ar\/sitio\/wp-json\/wp\/v2\/comments?post=38896"}],"version-history":[{"count":1,"href":"https:\/\/eldiariodesanpedro.com.ar\/sitio\/wp-json\/wp\/v2\/posts\/38896\/revisions"}],"predecessor-version":[{"id":38898,"href":"https:\/\/eldiariodesanpedro.com.ar\/sitio\/wp-json\/wp\/v2\/posts\/38896\/revisions\/38898"}],"wp:featuredmedia":[{"embeddable":true,"href":"https:\/\/eldiariodesanpedro.com.ar\/sitio\/wp-json\/wp\/v2\/media\/38897"}],"wp:attachment":[{"href":"https:\/\/eldiariodesanpedro.com.ar\/sitio\/wp-json\/wp\/v2\/media?parent=38896"}],"wp:term":[{"taxonomy":"category","embeddable":true,"href":"https:\/\/eldiariodesanpedro.com.ar\/sitio\/wp-json\/wp\/v2\/categories?post=38896"},{"taxonomy":"post_tag","embeddable":true,"href":"https:\/\/eldiariodesanpedro.com.ar\/sitio\/wp-json\/wp\/v2\/tags?post=38896"}],"curies":[{"name":"wp","href":"https:\/\/api.w.org\/{rel}","templated":true}]}}