{"id":38893,"date":"2018-08-23T10:50:33","date_gmt":"2018-08-23T13:50:33","guid":{"rendered":"https:\/\/eldiariodesanpedro.com.ar\/sitio\/?p=38893"},"modified":"2018-08-23T10:50:33","modified_gmt":"2018-08-23T13:50:33","slug":"baradero-desaparece-una-adolescente-de-alsina","status":"publish","type":"post","link":"https:\/\/eldiariodesanpedro.com.ar\/sitio\/baradero-desaparece-una-adolescente-de-alsina\/","title":{"rendered":"BARADERO: Desaparece una adolescente de Alsina"},"content":{"rendered":"<p><!-- VideographyWP Plugin Message: Automatic video embedding prevented by plugin options. --><br \/>\nLa menor de 15 a\u00f1os identificada como Milagros Palacios se ausent\u00f3 del colegio al que asiste en la ma\u00f1ana de hoy. Fue advertido por las autoridades del establecimiento. Su madre Daniela, dijo a Tu Radio que \u201cse retir\u00f3 con su novio\u201d y estar\u00edan en Baradero.<\/p>\n<p>Estiman que fue alrededor de las 9 de la ma\u00f1ana. \u201cVinieron los directivos a mi casa y me dijeron que se fue por una puerta trasera aprovechando el recreo\u201d, aclar\u00f3 la mujer en \u201cContacto Directo\u201d.<\/p>\n<p>Al momento de ausentarse vest\u00eda campera verde y zapatillas rojas. Cualquier informaci\u00f3n aportarla a la Comisaria Local al 480115 \u2013 480756<\/p>\n","protected":false},"excerpt":{"rendered":"<p>La menor de 15 a\u00f1os identificada como Milagros Palacios se ausent\u00f3 del colegio al que asiste en la ma\u00f1ana de hoy. Fue advertido por las autoridades del establecimiento. Su madre Daniela, dijo a Tu Radio que \u201cse retir\u00f3 con su novio\u201d y estar\u00edan en Baradero. Estiman que fue alrededor de las 9 de la ma\u00f1ana. [&hellip;]<\/p>\n","protected":false},"author":4,"featured_media":38894,"comment_status":"open","ping_status":"closed","sticky":false,"template":"","format":"standard","meta":{"om_disable_all_campaigns":false,"_jetpack_memberships_contains_paid_content":false,"footnotes":""},"categories":[621],"tags":[],"class_list":["post-38893","post","type-post","status-publish","format-standard","has-post-thumbnail","hentry","category-regionales"],"aioseo_notices":[],"gutentor_comment":0,"jetpack_featured_media_url":"https:\/\/eldiariodesanpedro.com.ar\/sitio\/wp-content\/uploads\/2018\/08\/20180822_170653.png","jetpack_shortlink":"https:\/\/wp.me\/p6RhLt-a7j","jetpack_sharing_enabled":true,"_links":{"self":[{"href":"https:\/\/eldiariodesanpedro.com.ar\/sitio\/wp-json\/wp\/v2\/posts\/38893","targetHints":{"allow":["GET"]}}],"collection":[{"href":"https:\/\/eldiariodesanpedro.com.ar\/sitio\/wp-json\/wp\/v2\/posts"}],"about":[{"href":"https:\/\/eldiariodesanpedro.com.ar\/sitio\/wp-json\/wp\/v2\/types\/post"}],"author":[{"embeddable":true,"href":"https:\/\/eldiariodesanpedro.com.ar\/sitio\/wp-json\/wp\/v2\/users\/4"}],"replies":[{"embeddable":true,"href":"https:\/\/eldiariodesanpedro.com.ar\/sitio\/wp-json\/wp\/v2\/comments?post=38893"}],"version-history":[{"count":1,"href":"https:\/\/eldiariodesanpedro.com.ar\/sitio\/wp-json\/wp\/v2\/posts\/38893\/revisions"}],"predecessor-version":[{"id":38895,"href":"https:\/\/eldiariodesanpedro.com.ar\/sitio\/wp-json\/wp\/v2\/posts\/38893\/revisions\/38895"}],"wp:featuredmedia":[{"embeddable":true,"href":"https:\/\/eldiariodesanpedro.com.ar\/sitio\/wp-json\/wp\/v2\/media\/38894"}],"wp:attachment":[{"href":"https:\/\/eldiariodesanpedro.com.ar\/sitio\/wp-json\/wp\/v2\/media?parent=38893"}],"wp:term":[{"taxonomy":"category","embeddable":true,"href":"https:\/\/eldiariodesanpedro.com.ar\/sitio\/wp-json\/wp\/v2\/categories?post=38893"},{"taxonomy":"post_tag","embeddable":true,"href":"https:\/\/eldiariodesanpedro.com.ar\/sitio\/wp-json\/wp\/v2\/tags?post=38893"}],"curies":[{"name":"wp","href":"https:\/\/api.w.org\/{rel}","templated":true}]}}