{"id":38889,"date":"2018-08-23T10:44:39","date_gmt":"2018-08-23T13:44:39","guid":{"rendered":"https:\/\/eldiariodesanpedro.com.ar\/sitio\/?p=38889"},"modified":"2018-08-23T10:45:44","modified_gmt":"2018-08-23T13:45:44","slug":"baradero-realizaran-un-simulacro-de-accidente-coordinado-por-same-provincia","status":"publish","type":"post","link":"https:\/\/eldiariodesanpedro.com.ar\/sitio\/baradero-realizaran-un-simulacro-de-accidente-coordinado-por-same-provincia\/","title":{"rendered":"BARADERO: Realizar\u00e1n un simulacro de accidente coordinado por SAME Provincia"},"content":{"rendered":"<p><!-- VideographyWP Plugin Message: Automatic video embedding prevented by plugin options. --><br \/>\nMediante un comunicado se inform\u00f3 e invit\u00f3 a la comunidad a participar de dicho simulacro que tendr\u00e1 lugar ma\u00f1ana a las 12.30 horas. <\/p>\n<p>Participar\u00e1n distintas fuerzas y ser\u00e1 coordinado por SAME Provincia.<\/p>\n<p>La Direcci\u00f3n del Hospital y la Municipalidad de Baradero informa a la comunidad que el d\u00eda viernes 24\/08 se llevara a cabo en la zona de la rotonda a partir de las 12.30 un simulacro de accidente con victimas m\u00faltiples.<\/p>\n<p>El mismo sera llevado a cabo con la participaci\u00f3n conjunta de SAME 107 BARADERO, POLIC\u00cdA COMUNAL, PREFECTURA NAVAL BARADERO, BOMBEROS VOLUNTARIOS Y LA DIRECCI\u00d3N GENERAL DE INSPECCI\u00d3N Y TRANSITO.<\/p>\n<p>Contara ademas con la presencia y coordinaci\u00f3n de representantes de SAME PROVINCIA.<\/p>\n<p>La invitaci\u00f3n es abierta a toda la comunidad con el objetivo de que mostrar como act\u00faan las distintas fuerzas y el servicio de emergencias ante un siniestro de las caracter\u00edsticas antes mencionadas.<\/p>\n<p>Fuente: Tu Linea Directa<\/p>\n","protected":false},"excerpt":{"rendered":"<p>Mediante un comunicado se inform\u00f3 e invit\u00f3 a la comunidad a participar de dicho simulacro que tendr\u00e1 lugar ma\u00f1ana a las 12.30 horas. Participar\u00e1n distintas fuerzas y ser\u00e1 coordinado por SAME Provincia. La Direcci\u00f3n del Hospital y la Municipalidad de Baradero informa a la comunidad que el d\u00eda viernes 24\/08 se llevara a cabo en [&hellip;]<\/p>\n","protected":false},"author":4,"featured_media":38890,"comment_status":"open","ping_status":"closed","sticky":false,"template":"","format":"standard","meta":{"om_disable_all_campaigns":false,"_jetpack_memberships_contains_paid_content":false,"footnotes":""},"categories":[621],"tags":[],"class_list":["post-38889","post","type-post","status-publish","format-standard","has-post-thumbnail","hentry","category-regionales"],"aioseo_notices":[],"gutentor_comment":0,"jetpack_featured_media_url":"https:\/\/eldiariodesanpedro.com.ar\/sitio\/wp-content\/uploads\/2018\/08\/4038373-e1535031825740.jpg","jetpack_shortlink":"https:\/\/wp.me\/p6RhLt-a7f","jetpack_sharing_enabled":true,"_links":{"self":[{"href":"https:\/\/eldiariodesanpedro.com.ar\/sitio\/wp-json\/wp\/v2\/posts\/38889","targetHints":{"allow":["GET"]}}],"collection":[{"href":"https:\/\/eldiariodesanpedro.com.ar\/sitio\/wp-json\/wp\/v2\/posts"}],"about":[{"href":"https:\/\/eldiariodesanpedro.com.ar\/sitio\/wp-json\/wp\/v2\/types\/post"}],"author":[{"embeddable":true,"href":"https:\/\/eldiariodesanpedro.com.ar\/sitio\/wp-json\/wp\/v2\/users\/4"}],"replies":[{"embeddable":true,"href":"https:\/\/eldiariodesanpedro.com.ar\/sitio\/wp-json\/wp\/v2\/comments?post=38889"}],"version-history":[{"count":2,"href":"https:\/\/eldiariodesanpedro.com.ar\/sitio\/wp-json\/wp\/v2\/posts\/38889\/revisions"}],"predecessor-version":[{"id":38892,"href":"https:\/\/eldiariodesanpedro.com.ar\/sitio\/wp-json\/wp\/v2\/posts\/38889\/revisions\/38892"}],"wp:featuredmedia":[{"embeddable":true,"href":"https:\/\/eldiariodesanpedro.com.ar\/sitio\/wp-json\/wp\/v2\/media\/38890"}],"wp:attachment":[{"href":"https:\/\/eldiariodesanpedro.com.ar\/sitio\/wp-json\/wp\/v2\/media?parent=38889"}],"wp:term":[{"taxonomy":"category","embeddable":true,"href":"https:\/\/eldiariodesanpedro.com.ar\/sitio\/wp-json\/wp\/v2\/categories?post=38889"},{"taxonomy":"post_tag","embeddable":true,"href":"https:\/\/eldiariodesanpedro.com.ar\/sitio\/wp-json\/wp\/v2\/tags?post=38889"}],"curies":[{"name":"wp","href":"https:\/\/api.w.org\/{rel}","templated":true}]}}