{"id":38886,"date":"2018-08-23T10:41:10","date_gmt":"2018-08-23T13:41:10","guid":{"rendered":"https:\/\/eldiariodesanpedro.com.ar\/sitio\/?p=38886"},"modified":"2018-08-23T10:41:10","modified_gmt":"2018-08-23T13:41:10","slug":"san-nicolas-una-pasajera-robo-el-remis-y-atropello-a-su-conductor","status":"publish","type":"post","link":"https:\/\/eldiariodesanpedro.com.ar\/sitio\/san-nicolas-una-pasajera-robo-el-remis-y-atropello-a-su-conductor\/","title":{"rendered":"SAN NICOL\u00c1S: Una pasajera rob\u00f3 el remis y atropell\u00f3 a su conductor"},"content":{"rendered":"<p><!-- VideographyWP Plugin Message: Automatic video embedding prevented by plugin options. --><br \/>\nEn Almafuerte a la altura del 400, en momentos en que un remisero baj\u00f3 de su auto en marcha para revisar los neum\u00e1ticos, la pasajera de 18 a\u00f1os, se pas\u00f3 al lado del conductor y se escap\u00f3 con el veh\u00edculo, atropellando al hombre y quebr\u00e1ndole la pierna. La agresora fue detenida horas despu\u00e9s.<\/p>\n<p>El hombre de 54 a\u00f1os manejaba su remis, un Chevrolet Corsa al que mantiene impecable, llevando a una joven pasajera. El viaje transcurr\u00eda con tranquilidad, cuando sinti\u00f3 un ruido en un costado. El hombre preocupado fren\u00f3 en la banquina por calle Almafuerte a la altura del 400 y sin detener el veh\u00edculo baj\u00f3 para revisar el estado de las cubiertas. Lo peor que pensaba que le pod\u00eda pasar era pinchar un neum\u00e1tico, sin imaginar que lo peor aun no hab\u00eda sucedido. De repente mientras, estaba revisando el veh\u00edculo, este comenz\u00f3 a acelerar. En el asiento, conduciendo su auto, estaba ahora la joven que intentaba huir llev\u00e1ndose su veh\u00edculo. El remisero asustado intent\u00f3 moverse, evitar el robo, pero la muchacha aceler\u00f3 y lo atropell\u00f3 dej\u00e1ndolo herido en el asfalto, con la pierna fracturada, llorando de dolor y bronca.<\/p>\n<p>Captura<br \/>\nEnseguida los vecinos trasladaron al hombre al hospital San Felipe y de la guardia del nosocomio dieron aviso a la polic\u00eda de lo sucedido. Los agentes, tras arduas tareas de investigaci\u00f3n y un trabajo mancomunado de las fuerzas para identificar el auto, en calle Espa\u00f1a al 400 procedieron a la aprehensi\u00f3n de una mujer de 18 a\u00f1os, previo incautar de su poder las llaves correspondientes del veh\u00edculo denunciado, el cual se logr\u00f3 recuperar en cercan\u00edas de la vivienda de la imputada, en calle Espa\u00f1a entre calle Roca y Av. Savio.<\/p>\n<p>En el hospital se determin\u00f3 que la v\u00edctima sufri\u00f3 fractura de tibia y peron\u00e9.<\/p>\n<p>En sede policial se instruyeron actuaciones penales caratuladas \u201cRobo agravado, lesiones graves\u201d, con intervenci\u00f3n de la U.F.I. n\u00b01 San Nicol\u00e1s.<\/p>\n<p>Fuente: Diario El Norte<\/p>\n","protected":false},"excerpt":{"rendered":"<p>En Almafuerte a la altura del 400, en momentos en que un remisero baj\u00f3 de su auto en marcha para revisar los neum\u00e1ticos, la pasajera de 18 a\u00f1os, se pas\u00f3 al lado del conductor y se escap\u00f3 con el veh\u00edculo, atropellando al hombre y quebr\u00e1ndole la pierna. La agresora fue detenida horas despu\u00e9s. El hombre [&hellip;]<\/p>\n","protected":false},"author":4,"featured_media":38887,"comment_status":"open","ping_status":"closed","sticky":false,"template":"","format":"standard","meta":{"om_disable_all_campaigns":false,"_jetpack_memberships_contains_paid_content":false,"footnotes":""},"categories":[621],"tags":[],"class_list":["post-38886","post","type-post","status-publish","format-standard","has-post-thumbnail","hentry","category-regionales"],"aioseo_notices":[],"gutentor_comment":0,"jetpack_featured_media_url":"https:\/\/eldiariodesanpedro.com.ar\/sitio\/wp-content\/uploads\/2018\/08\/elnorte5b7d230b9c5d3_7-hospital-san-felipe3x10.jpg","jetpack_shortlink":"https:\/\/wp.me\/p6RhLt-a7c","jetpack_sharing_enabled":true,"_links":{"self":[{"href":"https:\/\/eldiariodesanpedro.com.ar\/sitio\/wp-json\/wp\/v2\/posts\/38886","targetHints":{"allow":["GET"]}}],"collection":[{"href":"https:\/\/eldiariodesanpedro.com.ar\/sitio\/wp-json\/wp\/v2\/posts"}],"about":[{"href":"https:\/\/eldiariodesanpedro.com.ar\/sitio\/wp-json\/wp\/v2\/types\/post"}],"author":[{"embeddable":true,"href":"https:\/\/eldiariodesanpedro.com.ar\/sitio\/wp-json\/wp\/v2\/users\/4"}],"replies":[{"embeddable":true,"href":"https:\/\/eldiariodesanpedro.com.ar\/sitio\/wp-json\/wp\/v2\/comments?post=38886"}],"version-history":[{"count":1,"href":"https:\/\/eldiariodesanpedro.com.ar\/sitio\/wp-json\/wp\/v2\/posts\/38886\/revisions"}],"predecessor-version":[{"id":38888,"href":"https:\/\/eldiariodesanpedro.com.ar\/sitio\/wp-json\/wp\/v2\/posts\/38886\/revisions\/38888"}],"wp:featuredmedia":[{"embeddable":true,"href":"https:\/\/eldiariodesanpedro.com.ar\/sitio\/wp-json\/wp\/v2\/media\/38887"}],"wp:attachment":[{"href":"https:\/\/eldiariodesanpedro.com.ar\/sitio\/wp-json\/wp\/v2\/media?parent=38886"}],"wp:term":[{"taxonomy":"category","embeddable":true,"href":"https:\/\/eldiariodesanpedro.com.ar\/sitio\/wp-json\/wp\/v2\/categories?post=38886"},{"taxonomy":"post_tag","embeddable":true,"href":"https:\/\/eldiariodesanpedro.com.ar\/sitio\/wp-json\/wp\/v2\/tags?post=38886"}],"curies":[{"name":"wp","href":"https:\/\/api.w.org\/{rel}","templated":true}]}}