{"id":38880,"date":"2018-08-23T10:29:50","date_gmt":"2018-08-23T13:29:50","guid":{"rendered":"https:\/\/eldiariodesanpedro.com.ar\/sitio\/?p=38880"},"modified":"2018-08-23T10:29:50","modified_gmt":"2018-08-23T13:29:50","slug":"ramallo-se-capacitan-para-sumariar-a-policias-violentos-las-efectivas-de-la-comisaria-de-la-mujer","status":"publish","type":"post","link":"https:\/\/eldiariodesanpedro.com.ar\/sitio\/ramallo-se-capacitan-para-sumariar-a-policias-violentos-las-efectivas-de-la-comisaria-de-la-mujer\/","title":{"rendered":"RAMALLO: Se capacitan para sumariar a polic\u00edas violentos las efectivas de la Comisar\u00eda de la Mujer"},"content":{"rendered":"<p><!-- VideographyWP Plugin Message: Automatic video embedding prevented by plugin options. --><br \/>\nEl d\u00eda martes pasado se realiz\u00f3 una jornada de capacitaci\u00f3n destinada a los efectivos policiales de las diferentes Comisar\u00edas de la Mujer de la regi\u00f3n Norte de la Provincia de Buenos Aires.<\/p>\n<p>El punto Digital Ramallo fue  los municipios de San Nicol\u00e1s Arrecifes, San Pedro, Ramallo y Capit\u00e1n Sarmiento.<\/p>\n<p>La tem\u00e1tica fue la Confecci\u00f3n de Actuaciones Administrativas. La jornada estuvo a cargo de la titular de la Divisi\u00f3n y Coordinaci\u00f3n de Pol\u00edticas de G\u00e9nero de la Comisar\u00eda de San Nicol\u00e1s, Subcomisaria Carina Alicia Torrico y de la Subcomisaria Carolina Urquiaga, responsable   de la Comisar\u00eda de la Mujer y la Familia de la ciudad de Ramallo.<\/p>\n<p>Sobre dicha jornada, esta redacci\u00f3n hablo con Carolina Urquiaga, quien es la responsable de la Comisaria de la Mujer y la Familia de Ramallo y estuvo a cargo de dar dicha capacitaci\u00f3n.<\/p>\n<p>\u201cCoordinamos una capacitaci\u00f3n acerca de la Confecci\u00f3n de sumarios administrativos ante  la posible falta a la ley de polic\u00eda obviamente por alg\u00fan polic\u00eda en servicio. Sobre todo en el marco  de la toma de denuncias bajo \u201cviolencia familiar y el imputado es un polic\u00eda\u201d, obviamente se confeccionan, mas all\u00e1 de las actuaciones penales, actuaciones administrativas para evaluar la conducta de ese polic\u00eda y ah\u00ed interviene la auditoria general de asuntos interno y de eso depende el futuro de ese polic\u00eda por lo cual  es muy delicado  el tema y sumamente importante que el personal est\u00e9 capacitado para la confecci\u00f3n de esto sumarios administrativos\u201d, dijo Carolina Urquiaga quien estuvo a cargo de la charla, al mismo tiempo que  agradeci\u00f3 a la Municipalidad por brindar el espacio f\u00edsico para esta jornada y la predisposici\u00f3n continua hacia la Comisaria de la Mujer.<\/p>\n<p>Fuente: Ramallo Te Informa<\/p>\n","protected":false},"excerpt":{"rendered":"<p>El d\u00eda martes pasado se realiz\u00f3 una jornada de capacitaci\u00f3n destinada a los efectivos policiales de las diferentes Comisar\u00edas de la Mujer de la regi\u00f3n Norte de la Provincia de Buenos Aires. El punto Digital Ramallo fue los municipios de San Nicol\u00e1s Arrecifes, San Pedro, Ramallo y Capit\u00e1n Sarmiento. La tem\u00e1tica fue la Confecci\u00f3n de [&hellip;]<\/p>\n","protected":false},"author":4,"featured_media":38881,"comment_status":"open","ping_status":"closed","sticky":false,"template":"","format":"standard","meta":{"om_disable_all_campaigns":false,"_jetpack_memberships_contains_paid_content":false,"footnotes":""},"categories":[621],"tags":[],"class_list":["post-38880","post","type-post","status-publish","format-standard","has-post-thumbnail","hentry","category-regionales"],"aioseo_notices":[],"gutentor_comment":0,"jetpack_featured_media_url":"https:\/\/eldiariodesanpedro.com.ar\/sitio\/wp-content\/uploads\/2018\/08\/policias-850x491.jpg","jetpack_shortlink":"https:\/\/wp.me\/p6RhLt-a76","jetpack_sharing_enabled":true,"_links":{"self":[{"href":"https:\/\/eldiariodesanpedro.com.ar\/sitio\/wp-json\/wp\/v2\/posts\/38880","targetHints":{"allow":["GET"]}}],"collection":[{"href":"https:\/\/eldiariodesanpedro.com.ar\/sitio\/wp-json\/wp\/v2\/posts"}],"about":[{"href":"https:\/\/eldiariodesanpedro.com.ar\/sitio\/wp-json\/wp\/v2\/types\/post"}],"author":[{"embeddable":true,"href":"https:\/\/eldiariodesanpedro.com.ar\/sitio\/wp-json\/wp\/v2\/users\/4"}],"replies":[{"embeddable":true,"href":"https:\/\/eldiariodesanpedro.com.ar\/sitio\/wp-json\/wp\/v2\/comments?post=38880"}],"version-history":[{"count":1,"href":"https:\/\/eldiariodesanpedro.com.ar\/sitio\/wp-json\/wp\/v2\/posts\/38880\/revisions"}],"predecessor-version":[{"id":38882,"href":"https:\/\/eldiariodesanpedro.com.ar\/sitio\/wp-json\/wp\/v2\/posts\/38880\/revisions\/38882"}],"wp:featuredmedia":[{"embeddable":true,"href":"https:\/\/eldiariodesanpedro.com.ar\/sitio\/wp-json\/wp\/v2\/media\/38881"}],"wp:attachment":[{"href":"https:\/\/eldiariodesanpedro.com.ar\/sitio\/wp-json\/wp\/v2\/media?parent=38880"}],"wp:term":[{"taxonomy":"category","embeddable":true,"href":"https:\/\/eldiariodesanpedro.com.ar\/sitio\/wp-json\/wp\/v2\/categories?post=38880"},{"taxonomy":"post_tag","embeddable":true,"href":"https:\/\/eldiariodesanpedro.com.ar\/sitio\/wp-json\/wp\/v2\/tags?post=38880"}],"curies":[{"name":"wp","href":"https:\/\/api.w.org\/{rel}","templated":true}]}}