{"id":38877,"date":"2018-08-23T10:26:00","date_gmt":"2018-08-23T13:26:00","guid":{"rendered":"https:\/\/eldiariodesanpedro.com.ar\/sitio\/?p=38877"},"modified":"2018-08-23T10:26:00","modified_gmt":"2018-08-23T13:26:00","slug":"ramallo-solicitan-un-patrullero-permanente-para-la-comisaria-de-la-mujer","status":"publish","type":"post","link":"https:\/\/eldiariodesanpedro.com.ar\/sitio\/ramallo-solicitan-un-patrullero-permanente-para-la-comisaria-de-la-mujer\/","title":{"rendered":"RAMALLO: Solicitan un patrullero permanente para la Comisar\u00eda de la Mujer"},"content":{"rendered":"<p><!-- VideographyWP Plugin Message: Automatic video embedding prevented by plugin options. --><br \/>\nLa concejala por Cambiemos, Paula Sanfilipo, presento un proyecto de Ordenanza para sumar un m\u00f3vil permanente a la Comisaria de la Mujer de Ramallo. El mismo estar\u00eda afectado a prestar servicio las 24 horas en dicha dependencia, ante la gran cantidad de denuncias que recibe.<\/p>\n<p>Si bien al momento de su inauguraci\u00f3n la dependencia contaba con un m\u00f3vil permanente, tiempo despu\u00e9s fue desafectado. Es por eso que cada vez que necesita realizar alg\u00fan traslado o atenci\u00f3n en domicilio, debe solicitar a las dem\u00e1s dependencias policiales para poder movilizarse.<\/p>\n<p>\u201cVenimos presentando este pedido en varias oportunidades. Donde solicitamos al departamento ejecutivo que disponga de un m\u00f3vil para la Comisaria de la Mujer. En 2015, cuando fue su inauguraci\u00f3n, contaban con un m\u00f3vil exclusivo para esa dependencia, pero en 2016 ya no lo ten\u00edan. No sabemos el porqu\u00e9 de esta decisi\u00f3n, pero esto complico el trabajo de la dependencia\u201d, explico la concejala Sanfilipo.<\/p>\n<p>Y agreg\u00f3: \u201cHoy para poder operar, deben pedir un m\u00f3vil al resto de las dependencias policiales, principalmente a la Comisaria Primera de Ramallo. De esta formas terminas quitando un m\u00f3vil que debe ser utilizado por la comisaria para otras diligencias\u201d.<\/p>\n<p>El trabajo de la Comisaria de la Mujer fue en crecimiento en cuanto a la recepci\u00f3n de denuncias. Gracias a las campa\u00f1as de concientizaci\u00f3n y difusi\u00f3n de su labor, las v\u00edctimas de violencia de g\u00e9nero tomaron la decisi\u00f3n de realizar el asentamiento en dependencia y poder trabajar en consecuencias. Ante esta situaci\u00f3n, Sanfilipo explico que \u201cNosotros entendemos que la Comisaria de la Mujer necesita un m\u00f3vil las 24 horas a sus disposici\u00f3n. Primero por el flujo de denuncias y personas transitan por la  Comisaria, no solamente hablamos de mujeres, sino de familias enteras las que deben ser protegidas. Y segundo las diligencias propias que debe hacer la instituci\u00f3n, ll\u00e1mese tramites en fiscal\u00eda, Juzgado de Paz, por ejemplo, que hoy lo est\u00e1n llevando adelante con sus autos particulares, sum\u00e1ndoles un gasto extras\u201d.<\/p>\n<p>Si bien el pedido fue ingresado en la \u00faltima sesi\u00f3n del Concejo Deliberante local, el proyecto fue girado a las comisiones de Seguridad y Legislaci\u00f3n. \u201cAnteriormente hemos presentados varias minutas de comunicaci\u00f3n, pero no hemos obtenido respuestas concretas al pedido, es por eso que en esta oportunidad lo hacemos por medio de una ordenanza. En el articulado de la misma, pedimos que se afecte el monto de este m\u00f3vil al Fondo Municipal de Fortalecimiento de la Seguridad. Este es un fondo provincial, que el municipio lo recibi\u00f3 en 2016, es importante que se pueda afectar ese fondo para poder resolver esta situaci\u00f3n\u201d, describi\u00f3.<\/p>\n<p>Fuente: Ramallo Te Informa<\/p>\n","protected":false},"excerpt":{"rendered":"<p>La concejala por Cambiemos, Paula Sanfilipo, presento un proyecto de Ordenanza para sumar un m\u00f3vil permanente a la Comisaria de la Mujer de Ramallo. El mismo estar\u00eda afectado a prestar servicio las 24 horas en dicha dependencia, ante la gran cantidad de denuncias que recibe. Si bien al momento de su inauguraci\u00f3n la dependencia contaba [&hellip;]<\/p>\n","protected":false},"author":4,"featured_media":38878,"comment_status":"open","ping_status":"closed","sticky":false,"template":"","format":"standard","meta":{"om_disable_all_campaigns":false,"_jetpack_memberships_contains_paid_content":false,"footnotes":""},"categories":[621],"tags":[],"class_list":["post-38877","post","type-post","status-publish","format-standard","has-post-thumbnail","hentry","category-regionales"],"aioseo_notices":[],"gutentor_comment":0,"jetpack_featured_media_url":"https:\/\/eldiariodesanpedro.com.ar\/sitio\/wp-content\/uploads\/2018\/08\/Paula-sanfilipo-850x491.jpg","jetpack_shortlink":"https:\/\/wp.me\/p6RhLt-a73","jetpack_sharing_enabled":true,"_links":{"self":[{"href":"https:\/\/eldiariodesanpedro.com.ar\/sitio\/wp-json\/wp\/v2\/posts\/38877","targetHints":{"allow":["GET"]}}],"collection":[{"href":"https:\/\/eldiariodesanpedro.com.ar\/sitio\/wp-json\/wp\/v2\/posts"}],"about":[{"href":"https:\/\/eldiariodesanpedro.com.ar\/sitio\/wp-json\/wp\/v2\/types\/post"}],"author":[{"embeddable":true,"href":"https:\/\/eldiariodesanpedro.com.ar\/sitio\/wp-json\/wp\/v2\/users\/4"}],"replies":[{"embeddable":true,"href":"https:\/\/eldiariodesanpedro.com.ar\/sitio\/wp-json\/wp\/v2\/comments?post=38877"}],"version-history":[{"count":1,"href":"https:\/\/eldiariodesanpedro.com.ar\/sitio\/wp-json\/wp\/v2\/posts\/38877\/revisions"}],"predecessor-version":[{"id":38879,"href":"https:\/\/eldiariodesanpedro.com.ar\/sitio\/wp-json\/wp\/v2\/posts\/38877\/revisions\/38879"}],"wp:featuredmedia":[{"embeddable":true,"href":"https:\/\/eldiariodesanpedro.com.ar\/sitio\/wp-json\/wp\/v2\/media\/38878"}],"wp:attachment":[{"href":"https:\/\/eldiariodesanpedro.com.ar\/sitio\/wp-json\/wp\/v2\/media?parent=38877"}],"wp:term":[{"taxonomy":"category","embeddable":true,"href":"https:\/\/eldiariodesanpedro.com.ar\/sitio\/wp-json\/wp\/v2\/categories?post=38877"},{"taxonomy":"post_tag","embeddable":true,"href":"https:\/\/eldiariodesanpedro.com.ar\/sitio\/wp-json\/wp\/v2\/tags?post=38877"}],"curies":[{"name":"wp","href":"https:\/\/api.w.org\/{rel}","templated":true}]}}