{"id":38874,"date":"2018-08-23T10:11:24","date_gmt":"2018-08-23T13:11:24","guid":{"rendered":"https:\/\/eldiariodesanpedro.com.ar\/sitio\/?p=38874"},"modified":"2018-08-23T10:11:24","modified_gmt":"2018-08-23T13:11:24","slug":"campana-como-funciona-el-same-en-campana","status":"publish","type":"post","link":"https:\/\/eldiariodesanpedro.com.ar\/sitio\/campana-como-funciona-el-same-en-campana\/","title":{"rendered":"CAMPANA: C\u00f3mo funciona el SAME en Campana"},"content":{"rendered":"<p><!-- VideographyWP Plugin Message: Automatic video embedding prevented by plugin options. --><br \/>\nBrinda a los vecinos atenci\u00f3n gratuita en la v\u00eda p\u00fablica y\/o domicilio en las 24 horas todos los d\u00edas del a\u00f1o ante situaciones de emergencias o urgencias m\u00e9dicas.<\/p>\n<p>El SAME Provincia ya funciona en la ciudad brindando a los vecinos atenci\u00f3n primaria gratuita las 24 horas los 365 d\u00edas del a\u00f1o.<\/p>\n<p>Este nuevo servicio cuenta con 3 ambulancias de alta complejidad y un equipo integrado por 20 profesionales de la salud que fueron especialmente capacitados.<\/p>\n<p>Ante cualquier emergencia o urgencia m\u00e9dica, tanto en domicilios como en la v\u00eda p\u00fablica, los vecinos pueden comunicarse gratis al 107, desde donde atender\u00e1n su llamado y enviar\u00e1n ayuda especializada.<\/p>\n<p>Tambi\u00e9n se pueden comunicar a trav\u00e9s del CIMoPU llamando al 423263.<\/p>\n<p>Y seg\u00fan se adelant\u00f3, en breve, se podr\u00e1 solicitar atenci\u00f3n m\u00e9dica mediante la app desarrollada por el Municipio \u201cAlerta Campana\u201d, que se descarga en los celulares de manera gratuita.<\/p>\n<p>SAME Campana es un servicio que atiende urgencias, que son los casos que requieren atenci\u00f3n m\u00e9dica pero pueden esperar hasta 3 horas como m\u00e1ximo, y emergencias, que son aquellos que necesitan de atenci\u00f3n inmediata porque corre riesgo de vida.<\/p>\n<p>Los llamados al SAME Campana se recepcionan en una central operativa montada en la sede de la Secretar\u00eda de Seguridad del Municipio, que categoriza y env\u00eda las solicitudes de auxilios.<\/p>\n<p>Son los operadores quienes reciben los llamados y, de acuerdo a la informaci\u00f3n brindada por el ciudadano, clasifican los casos para establecer su prioridad de atenci\u00f3n.<\/p>\n<p>Las personas que son asistidas por el SAME en una vivienda o en la v\u00eda p\u00fablica son derivadas al hospital o una cl\u00ednica \u2013si tienen obra social-.<\/p>\n<p>Fuente: Enlace Critico<\/p>\n","protected":false},"excerpt":{"rendered":"<p>Brinda a los vecinos atenci\u00f3n gratuita en la v\u00eda p\u00fablica y\/o domicilio en las 24 horas todos los d\u00edas del a\u00f1o ante situaciones de emergencias o urgencias m\u00e9dicas. El SAME Provincia ya funciona en la ciudad brindando a los vecinos atenci\u00f3n primaria gratuita las 24 horas los 365 d\u00edas del a\u00f1o. Este nuevo servicio cuenta [&hellip;]<\/p>\n","protected":false},"author":4,"featured_media":38875,"comment_status":"open","ping_status":"closed","sticky":false,"template":"","format":"standard","meta":{"om_disable_all_campaigns":false,"_jetpack_memberships_contains_paid_content":false,"footnotes":""},"categories":[621],"tags":[],"class_list":["post-38874","post","type-post","status-publish","format-standard","has-post-thumbnail","hentry","category-regionales"],"aioseo_notices":[],"gutentor_comment":0,"jetpack_featured_media_url":"https:\/\/eldiariodesanpedro.com.ar\/sitio\/wp-content\/uploads\/2018\/08\/El-SAME-comenz\u00f3-a-operar-esta-semana-en-Campana_658x400.jpg","jetpack_shortlink":"https:\/\/wp.me\/p6RhLt-a70","jetpack_sharing_enabled":true,"_links":{"self":[{"href":"https:\/\/eldiariodesanpedro.com.ar\/sitio\/wp-json\/wp\/v2\/posts\/38874","targetHints":{"allow":["GET"]}}],"collection":[{"href":"https:\/\/eldiariodesanpedro.com.ar\/sitio\/wp-json\/wp\/v2\/posts"}],"about":[{"href":"https:\/\/eldiariodesanpedro.com.ar\/sitio\/wp-json\/wp\/v2\/types\/post"}],"author":[{"embeddable":true,"href":"https:\/\/eldiariodesanpedro.com.ar\/sitio\/wp-json\/wp\/v2\/users\/4"}],"replies":[{"embeddable":true,"href":"https:\/\/eldiariodesanpedro.com.ar\/sitio\/wp-json\/wp\/v2\/comments?post=38874"}],"version-history":[{"count":1,"href":"https:\/\/eldiariodesanpedro.com.ar\/sitio\/wp-json\/wp\/v2\/posts\/38874\/revisions"}],"predecessor-version":[{"id":38876,"href":"https:\/\/eldiariodesanpedro.com.ar\/sitio\/wp-json\/wp\/v2\/posts\/38874\/revisions\/38876"}],"wp:featuredmedia":[{"embeddable":true,"href":"https:\/\/eldiariodesanpedro.com.ar\/sitio\/wp-json\/wp\/v2\/media\/38875"}],"wp:attachment":[{"href":"https:\/\/eldiariodesanpedro.com.ar\/sitio\/wp-json\/wp\/v2\/media?parent=38874"}],"wp:term":[{"taxonomy":"category","embeddable":true,"href":"https:\/\/eldiariodesanpedro.com.ar\/sitio\/wp-json\/wp\/v2\/categories?post=38874"},{"taxonomy":"post_tag","embeddable":true,"href":"https:\/\/eldiariodesanpedro.com.ar\/sitio\/wp-json\/wp\/v2\/tags?post=38874"}],"curies":[{"name":"wp","href":"https:\/\/api.w.org\/{rel}","templated":true}]}}