{"id":38865,"date":"2018-08-23T09:57:10","date_gmt":"2018-08-23T12:57:10","guid":{"rendered":"https:\/\/eldiariodesanpedro.com.ar\/sitio\/?p=38865"},"modified":"2018-08-23T09:57:10","modified_gmt":"2018-08-23T12:57:10","slug":"provincia-docentes-y-provincia-vuelven-a-sentarse-a-negociar","status":"publish","type":"post","link":"https:\/\/eldiariodesanpedro.com.ar\/sitio\/provincia-docentes-y-provincia-vuelven-a-sentarse-a-negociar\/","title":{"rendered":"PROVINCIA: Docentes y Provincia vuelven a sentarse a negociar"},"content":{"rendered":"<p><!-- VideographyWP Plugin Message: Automatic video embedding prevented by plugin options. --><br \/>\nUn d\u00eda antes de que venciera la conciliaci\u00f3n obligatoria, funcionarios del Gobierno bonaerense convocaron a los gremios docentes para retomar la paritaria salarial este jueves. En el medio, los sindicatos denunciaron a la gesti\u00f3n de Vidal ante la OIT por violaci\u00f3n de la libertad sindical y anomal\u00edas en la negociaci\u00f3n colectiva.<\/p>\n<p>Tal como detall\u00f3 La Tecla, la conciliaci\u00f3n obligatoria dictada por el ministerio de Trabajo en el conflicto entre el gobierno provincial y el Frente de Unidad Docente bonaerense se vence el \u00faltimo viernes. Por ello, Mar\u00eda Eugenia Vidal estaba obligada a convocar a la novena mesa salarial y as\u00ed lo hizo el jueves 18 de agosto.<\/p>\n<p>En ese sentido, a un d\u00eda del vencimiento de la conciliaci\u00f3n, el Ejecutivo bonaerense convoc\u00f3 a los docentes para sentarse a negociar. La cita ser\u00e1 este jueves, justo a un mes de la octava reuni\u00f3n, a las 13hs en la sede del ministerio de Econom\u00eda en La Plata.<\/p>\n<p>Vale recordar que, en el octavo encuentro en lo que va del a\u00f1o, los funcionarios ofrecieron bonaerenses ofrecieron un aumento del 16,7% a julio y compromiso de volver a discutir en el futuro. No obstante, con la perdida del poder adquisitivo ya explicitada, el FUDB rechaz\u00f3 la oferta.<\/p>\n<p>As\u00ed, desde el frente gremial esperan verse las caras una vez m\u00e1s y volver a exigir un acuerdo salarial que supere la inflaci\u00f3n proyectada entre el 30 y 32%.<\/p>\n<p>\u00abLa gobernadora tiene que dar respuesta. Tiene recursos, tiene presupuesto, tiene fondos de endeudamiento. \u00bfPor qu\u00e9 no quiere resolver el conflicto docente?\u00bb, pregunt\u00f3 Miguel D\u00edaz, de Udocba, en el inicio de la semana. Desde el mismo sindicato, Gustavo Salcedo destac\u00f3 que: \u00abPretender que en la actualidad un docente tenga el mismo salario que en diciembre 2017 es condenar a la miseria a los trabajadores\u00bb.<\/p>\n<p>Como si fuera poco, el inicio de la \u00faltima reuni\u00f3n salarial hace casi un mes, estuvo enmarcada en la denuncia de aportantes truchos en la campa\u00f1a electoral de Vidal. Es que algunos trabajadores docentes del Conurbano figuran como aportantes en la campa\u00f1a electoral y son parte de la denuncia que transcurre sus d\u00edas en la Justicia.<\/p>\n<p>Al malestar por los aportes truchos y la falta de un acuerdo salarial, se sum\u00f3 la explosi\u00f3n de la Escuela 49 de Moreno, situaci\u00f3n que los docentes denuncian desde larga data.<\/p>\n<p>Por  su parte, el \u00faltimo viernes la Gobernadora se refiri\u00f3 a la crisis docente y aprovech\u00f3 para dejar un mensaje a la herencia. \u201cLo que yo le digo a la gente que le voy a pagar, se lo pago. No le voy a pagar el aguinaldo en cuotas, ni le voy a postergar el pago de sueldos como ya ocurri\u00f3 en la provincia\u00bb, sostuvo sin especificar una nueva convocatoria salarial.<\/p>\n<p>Por otra parte, este mi\u00e9rcoles, los sindicatos realizaron una presentaci\u00f3n ante el Comit\u00e9 de Libertad Sindical del Consejo de Administraci\u00f3n de la Organizaci\u00f3n Internacional del Trabajo (OIT), en la que acusar\u00e1n al Estado Argentino por violaci\u00f3n de la libertad sindical.<\/p>\n<p>La denuncia, que alcanza tambi\u00e9n a la provincia de Buenos Aires, busca que el organismo internacional llame la atenci\u00f3n del Estado sobre varias anomal\u00edas, entre ellas no garantizar la negociaci\u00f3n colectiva ni respetar el ejercicio leg\u00edtimo del derecho a huelga de los docentes bonaerenses.<\/p>\n<p>De acuerdo con la Uni\u00f3n de Docentes de la provincia de Buenos Aires (Udocba) \u00abel grave conflicto colectivo perjudica las condiciones de vida y el trabajo de los docentes, agravado en el territorio de la provincia de Buenos Aires por negativa ilegal y arbitraria del Gobierno bonaerense, que ha transgredido el deber de obrar de buena fe\u00bb.<\/p>\n<p>Fuente: La Tecla<\/p>\n","protected":false},"excerpt":{"rendered":"<p>Un d\u00eda antes de que venciera la conciliaci\u00f3n obligatoria, funcionarios del Gobierno bonaerense convocaron a los gremios docentes para retomar la paritaria salarial este jueves. En el medio, los sindicatos denunciaron a la gesti\u00f3n de Vidal ante la OIT por violaci\u00f3n de la libertad sindical y anomal\u00edas en la negociaci\u00f3n colectiva. Tal como detall\u00f3 La [&hellip;]<\/p>\n","protected":false},"author":4,"featured_media":38866,"comment_status":"open","ping_status":"closed","sticky":false,"template":"","format":"standard","meta":{"om_disable_all_campaigns":false,"_jetpack_memberships_contains_paid_content":false,"footnotes":""},"categories":[621],"tags":[],"class_list":["post-38865","post","type-post","status-publish","format-standard","has-post-thumbnail","hentry","category-regionales"],"aioseo_notices":[],"gutentor_comment":0,"jetpack_featured_media_url":"https:\/\/eldiariodesanpedro.com.ar\/sitio\/wp-content\/uploads\/2018\/08\/87608_3.jpg","jetpack_shortlink":"https:\/\/wp.me\/p6RhLt-a6R","jetpack_sharing_enabled":true,"_links":{"self":[{"href":"https:\/\/eldiariodesanpedro.com.ar\/sitio\/wp-json\/wp\/v2\/posts\/38865","targetHints":{"allow":["GET"]}}],"collection":[{"href":"https:\/\/eldiariodesanpedro.com.ar\/sitio\/wp-json\/wp\/v2\/posts"}],"about":[{"href":"https:\/\/eldiariodesanpedro.com.ar\/sitio\/wp-json\/wp\/v2\/types\/post"}],"author":[{"embeddable":true,"href":"https:\/\/eldiariodesanpedro.com.ar\/sitio\/wp-json\/wp\/v2\/users\/4"}],"replies":[{"embeddable":true,"href":"https:\/\/eldiariodesanpedro.com.ar\/sitio\/wp-json\/wp\/v2\/comments?post=38865"}],"version-history":[{"count":1,"href":"https:\/\/eldiariodesanpedro.com.ar\/sitio\/wp-json\/wp\/v2\/posts\/38865\/revisions"}],"predecessor-version":[{"id":38867,"href":"https:\/\/eldiariodesanpedro.com.ar\/sitio\/wp-json\/wp\/v2\/posts\/38865\/revisions\/38867"}],"wp:featuredmedia":[{"embeddable":true,"href":"https:\/\/eldiariodesanpedro.com.ar\/sitio\/wp-json\/wp\/v2\/media\/38866"}],"wp:attachment":[{"href":"https:\/\/eldiariodesanpedro.com.ar\/sitio\/wp-json\/wp\/v2\/media?parent=38865"}],"wp:term":[{"taxonomy":"category","embeddable":true,"href":"https:\/\/eldiariodesanpedro.com.ar\/sitio\/wp-json\/wp\/v2\/categories?post=38865"},{"taxonomy":"post_tag","embeddable":true,"href":"https:\/\/eldiariodesanpedro.com.ar\/sitio\/wp-json\/wp\/v2\/tags?post=38865"}],"curies":[{"name":"wp","href":"https:\/\/api.w.org\/{rel}","templated":true}]}}