{"id":38861,"date":"2018-08-23T09:17:07","date_gmt":"2018-08-23T12:17:07","guid":{"rendered":"https:\/\/eldiariodesanpedro.com.ar\/sitio\/?p=38861"},"modified":"2018-08-23T09:17:07","modified_gmt":"2018-08-23T12:17:07","slug":"volvio-el-cuento-del-tio-son-mas-de-siete-casos-que-se-conocieron-estos-dias","status":"publish","type":"post","link":"https:\/\/eldiariodesanpedro.com.ar\/sitio\/volvio-el-cuento-del-tio-son-mas-de-siete-casos-que-se-conocieron-estos-dias\/","title":{"rendered":"Volvi\u00f3 el \u00abcuento del t\u00edo\u00bb, son m\u00e1s de siete casos que se conocieron estos d\u00edas"},"content":{"rendered":"<p><!-- VideographyWP Plugin Message: Automatic video embedding prevented by plugin options. --><br \/>\nSon muchos los casos que se fueron dando en estos \u00faltimos d\u00edas, hubo varios  que llamaron por telefono de linea y tambien celular, no solo en el dia, sino tambi\u00e9n a la madrugada, present\u00e1ndose como un familiar con problemas de dinero son los m\u00e1s frecuentes. Se pide a la poblaci\u00f3n no dar datos personales  y corroborar antes con sus familiares cercanos.<\/p>\n<p>Algunas de las v\u00edctimas de estas estafas, que hasta el dia de hoy no se ha conocido ning\u00fan caso realizado, cuentan que:<\/p>\n<p> \u00abno sabes lo que paso, paso algo con la abuela, le van a descontar plata, etc etc, yo le segu\u00ed la corriente hasta que el tipo se canso de hablar y corta; a los 5 min llama de nuevo diciendo que era mi hijo, lo mande a freir churros\u00bb; otra persona  contaba que era un supuesto cliente que \u00abnecesitaba datos para seguir depositando a mi cuenta corriente y bueno hablando, hablando, lo mande para otro lado,estos tipos saben todo, qui\u00e9n es tu hijo, tu hermano, tu mama, en donde trabajas, con que banco trabajas todo\u00bb; tambi\u00e9n una mujer que la llamaron a su mam\u00e1 \u00abhola che, no te acordas de mi, soy tu sobrino\u00bb; a una se\u00f1ora mayor de 90 a\u00f1os de edad, llamaron solicitando informaci\u00f3n respecto a dinero que posee en su vivienda en momentos haci\u00e9ndose pasar por un familiar.<\/p>\n<p>Volvi\u00f3 el \u00abcuento del t\u00edo\u00bb, son m\u00e1s de siete casos que se conocieron en estos d\u00edas.<\/p>\n","protected":false},"excerpt":{"rendered":"<p>Son muchos los casos que se fueron dando en estos \u00faltimos d\u00edas, hubo varios que llamaron por telefono de linea y tambien celular, no solo en el dia, sino tambi\u00e9n a la madrugada, present\u00e1ndose como un familiar con problemas de dinero son los m\u00e1s frecuentes. Se pide a la poblaci\u00f3n no dar datos personales y [&hellip;]<\/p>\n","protected":false},"author":4,"featured_media":13485,"comment_status":"open","ping_status":"closed","sticky":false,"template":"","format":"standard","meta":{"om_disable_all_campaigns":false,"_jetpack_memberships_contains_paid_content":false,"footnotes":""},"categories":[50,2,103],"tags":[],"class_list":["post-38861","post","type-post","status-publish","format-standard","has-post-thumbnail","hentry","category-destacadas","category-locales","category-policiales-locales"],"aioseo_notices":[],"gutentor_comment":0,"jetpack_featured_media_url":"https:\/\/eldiariodesanpedro.com.ar\/sitio\/wp-content\/uploads\/2017\/01\/el-cuento-del-tio.jpg","jetpack_shortlink":"https:\/\/wp.me\/p6RhLt-a6N","jetpack_sharing_enabled":true,"_links":{"self":[{"href":"https:\/\/eldiariodesanpedro.com.ar\/sitio\/wp-json\/wp\/v2\/posts\/38861","targetHints":{"allow":["GET"]}}],"collection":[{"href":"https:\/\/eldiariodesanpedro.com.ar\/sitio\/wp-json\/wp\/v2\/posts"}],"about":[{"href":"https:\/\/eldiariodesanpedro.com.ar\/sitio\/wp-json\/wp\/v2\/types\/post"}],"author":[{"embeddable":true,"href":"https:\/\/eldiariodesanpedro.com.ar\/sitio\/wp-json\/wp\/v2\/users\/4"}],"replies":[{"embeddable":true,"href":"https:\/\/eldiariodesanpedro.com.ar\/sitio\/wp-json\/wp\/v2\/comments?post=38861"}],"version-history":[{"count":1,"href":"https:\/\/eldiariodesanpedro.com.ar\/sitio\/wp-json\/wp\/v2\/posts\/38861\/revisions"}],"predecessor-version":[{"id":38863,"href":"https:\/\/eldiariodesanpedro.com.ar\/sitio\/wp-json\/wp\/v2\/posts\/38861\/revisions\/38863"}],"wp:featuredmedia":[{"embeddable":true,"href":"https:\/\/eldiariodesanpedro.com.ar\/sitio\/wp-json\/wp\/v2\/media\/13485"}],"wp:attachment":[{"href":"https:\/\/eldiariodesanpedro.com.ar\/sitio\/wp-json\/wp\/v2\/media?parent=38861"}],"wp:term":[{"taxonomy":"category","embeddable":true,"href":"https:\/\/eldiariodesanpedro.com.ar\/sitio\/wp-json\/wp\/v2\/categories?post=38861"},{"taxonomy":"post_tag","embeddable":true,"href":"https:\/\/eldiariodesanpedro.com.ar\/sitio\/wp-json\/wp\/v2\/tags?post=38861"}],"curies":[{"name":"wp","href":"https:\/\/api.w.org\/{rel}","templated":true}]}}